{"id":10005,"date":"2023-11-09T15:03:03","date_gmt":"2023-11-09T18:03:03","guid":{"rendered":"https:\/\/www.toque-musicall.com\/?p=10005"},"modified":"2023-11-25T15:15:18","modified_gmt":"2023-11-25T18:15:18","slug":"luiz-senise-e-ricardo-rodrigues-o-oboe-na-musica-brasileira-1987","status":"publish","type":"post","link":"https:\/\/www.toque-musicall.com\/?p=10005","title":{"rendered":"Luiz Senise E Ricardo Rodrigues &#8211; O Obo\u00e9 Na M\u00fasica Brasileira (1987)"},"content":{"rendered":"\n<figure class=\"wp-block-image size-large\"><img decoding=\"async\" src=\"https:\/\/blogger.googleusercontent.com\/img\/b\/R29vZ2xl\/AVvXsEgddka_ZT1efxIjJ5WcdW66rZG4uQD2ZCyuaDjQ2N7vT4AFiCa61QyAs8hwZGs7dYoRUHin6vH0B1QU1CXpbKp4RRZuydTdeqvq6PVaCvofl1MojdfxVxd6JzhtGWe2b3dXS22r-AghzFNQs3I9USa_b_eX_9q1tP6UiFhU5S4pFw7PczhfBs6q2l58Qh7I\/w640-h630\/Capturar.JPG\" alt=\"\"\/><\/figure>\n\n\n\n<figure class=\"wp-block-image size-large\"><img decoding=\"async\" src=\"https:\/\/blogger.googleusercontent.com\/img\/b\/R29vZ2xl\/AVvXsEh79xMjD5Ns9s93gu2NzjTJgbCQ2vIi81HEyRGylBHtPAuagyL-ox3uamSlhUNigXMaV97AmvTv9thoHI1d00qMa_ckFIQMJS4a7gS4RCHKBZ8EdDz3ywDEHzQlosIe-gmZHBfOIXNT_2ubCGkh7SBoc8n2lF9fV4ait5kQTQh4Qdrn06xptlem8xxi0QXe\/w640-h634\/Capturarb.JPG\" alt=\"\"\/><\/figure>\n\n\n<div class=\"separator\">aylton escobar &#8211; pequeno trecho de discurso, para obo\u00e9 solo<\/div>\n<div class=\"separator\">jos\u00e9 siqueira &#8211; sonatinha para obo\u00e9 e piano<\/div>\n<div class=\"separator\">ernst widmer &#8211; partita para obo\u00e9 solo opus 19<\/div>\n<div class=\"separator\">vania dantas leite &#8211; karysma, para obo\u00e9 solo e fita magn\u00e9tica<\/div>\n<div class=\"separator\">heitor alimonda &#8211; 1 a 4, para obo\u00e9 solo<\/div>\n<div class=\"separator\">osvaldo lacerda &#8211; aboio, para obo\u00e9 e piano<\/div>\n<div class=\"separator\">osvaldo lacerda &#8211; canto l\u00edrico, para obo\u00e9 e piano<\/div>\n<div class=\"separator\">osvaldo lacerda &#8211; toada, para obo\u00e9 e piano<\/div>\n<div class=\"separator\">claudio santoro &#8211; mutationen x, para obo\u00e9 solo<\/div>\n<div class=\"separator\">\u00a0<\/div>\n<div class=\"separator\">\u00a0<\/div>\n<div class=\"separator\">.<\/div>","protected":false},"excerpt":{"rendered":"<p>aylton escobar &#8211; pequeno trecho de discurso, para obo\u00e9 solo jos\u00e9 siqueira &#8211; sonatinha para obo\u00e9 e piano ernst widmer &#8211; partita para obo\u00e9 solo opus 19 vania dantas leite &#8211; karysma, para obo\u00e9 solo e fita magn\u00e9tica heitor alimonda &hellip; <a href=\"https:\/\/www.toque-musicall.com\/?p=10005\">Continue lendo <span class=\"meta-nav\">&rarr;<\/span><\/a><\/p>\n","protected":false},"author":1,"featured_media":0,"comment_status":"closed","ping_status":"closed","sticky":false,"template":"","format":"standard","meta":{"footnotes":""},"categories":[1],"tags":[5486,5291,5483,5484,5485,5487,5488,5271,5489],"class_list":["post-10005","post","type-post","status-publish","format-standard","hentry","category-sem-categoria","tag-aylton-scobar","tag-eruditos","tag-heitor-alimonda","tag-jose-siqueira","tag-luiz-senise","tag-osvaldo-lacerda","tag-ricardo-rodrigues","tag-selo-funarte","tag-vania-dantas-leite"],"_links":{"self":[{"href":"https:\/\/www.toque-musicall.com\/index.php?rest_route=\/wp\/v2\/posts\/10005","targetHints":{"allow":["GET"]}}],"collection":[{"href":"https:\/\/www.toque-musicall.com\/index.php?rest_route=\/wp\/v2\/posts"}],"about":[{"href":"https:\/\/www.toque-musicall.com\/index.php?rest_route=\/wp\/v2\/types\/post"}],"author":[{"embeddable":true,"href":"https:\/\/www.toque-musicall.com\/index.php?rest_route=\/wp\/v2\/users\/1"}],"replies":[{"embeddable":true,"href":"https:\/\/www.toque-musicall.com\/index.php?rest_route=%2Fwp%2Fv2%2Fcomments&post=10005"}],"version-history":[{"count":2,"href":"https:\/\/www.toque-musicall.com\/index.php?rest_route=\/wp\/v2\/posts\/10005\/revisions"}],"predecessor-version":[{"id":10007,"href":"https:\/\/www.toque-musicall.com\/index.php?rest_route=\/wp\/v2\/posts\/10005\/revisions\/10007"}],"wp:attachment":[{"href":"https:\/\/www.toque-musicall.com\/index.php?rest_route=%2Fwp%2Fv2%2Fmedia&parent=10005"}],"wp:term":[{"taxonomy":"category","embeddable":true,"href":"https:\/\/www.toque-musicall.com\/index.php?rest_route=%2Fwp%2Fv2%2Fcategories&post=10005"},{"taxonomy":"post_tag","embeddable":true,"href":"https:\/\/www.toque-musicall.com\/index.php?rest_route=%2Fwp%2Fv2%2Ftags&post=10005"}],"curies":[{"name":"wp","href":"https:\/\/api.w.org\/{rel}","templated":true}]}}