{"id":1001,"date":"2009-12-06T10:45:00","date_gmt":"2009-12-06T10:45:00","guid":{"rendered":"http:\/\/www.toque-musicall.com\/?p=1001"},"modified":"2009-12-06T10:45:00","modified_gmt":"2009-12-06T10:45:00","slug":"roberto-menescal-e-seu-conjunto-bossa-nova-1964","status":"publish","type":"post","link":"https:\/\/www.toque-musicall.com\/?p=1001","title":{"rendered":"Roberto Menescal E Seu Conjunto &#8211; Bossa Nova (1964)"},"content":{"rendered":"<p><img decoding=\"async\" src=\"http:\/\/3.bp.blogspot.com\/_DSKVEvHtskc\/SxuL53ryoyI\/AAAAAAAAFvI\/FBkVog_ca0U\/s400\/Roberto+Menescal+P.JPG\" style=\"display:block; margin:0px auto 10px; text-align:center;cursor:pointer; cursor:hand;width: 400px; height: 398px;\" border=\"0\" alt=\"\" id=\"BLOGGER_PHOTO_ID_5412073203532210978\" \/>Ol\u00e1! Aqui estou eu neste domingo nublado trazendo para voc\u00eas um dos \u00e1lbuns que adquiri ontem na Feira do Vinil. Acho que a chuva espantou um pouco as pessoas, tirou o \u00e2nimo daqueles que, sinceramente, perderam uma boa oportunidade de levar para casa j\u00f3ias como esta, que saiu por apenas 10 reais! Se por um lado a feira foi fraca em termos de p\u00fablico, por outro foi \u00f3tima para aqueles que l\u00e1 estiveram. Pudemos comprar e trocar discos se afoba\u00e7\u00e3o, podendo escolher direitinho aquilo que interessa. Hoje a feira continua e eu daqui a pouco volto para l\u00e1. Ainda tem muita coisa boa me esperando \ud83d\ude09 <\/p>\n<div>Como disse, tenho aqui um dos \u00e1lbuns que comprei por l\u00e1, Roberto Menescal e seu disco &#8220;Bossa Nova&#8221;, lan\u00e7ado em 1962 pela Odeon. Eu inclusive at\u00e9 tenho este disco em formato digitalizado, mas o que estou apresentando tem um diferencial, a edi\u00e7\u00e3o. Nele a capa \u00e9 diferente, acho at\u00e9 mais bonita num tom lil\u00e1s, tem mais a ver com bossa nova instrumental (e \u00e9 em vinil, claro!). Este \u00e1lbum saiu pelo selo Imperial, dois anos depois, em 1964. Como j\u00e1 \u00e9 do conhecimento de todos por aqui, o selo Imperial pertence a Odeon e foi criado na \u00e9poca para atender \u00e0s vendas \u00e0 domic\u00edlio. Os discos Imperial eram vendidos n\u00e3o apenas em lojas, mas tamb\u00e9m pelo correio ou atrav\u00e9s de seus agentes de vendas. Lan\u00e7aram muita coisa. Fizeram reedi\u00e7\u00f5es apresentando velhos \u00e1lbuns com novas caras. No caso de &#8220;Bossa Nova&#8221;, o disco saiu com esta capa (a menor \u00e9 a original) e as faixas em outra ordem, mas \u00e9 o mesmo disco, a mesma grava\u00e7\u00e3o. <img decoding=\"async\" src=\"http:\/\/4.bp.blogspot.com\/_DSKVEvHtskc\/SxuMkReVWLI\/AAAAAAAAFvQ\/gr99BCi_eIo\/s200\/capa.jpg\" style=\"float:left; margin:0 10px 10px 0;cursor:pointer; cursor:hand;width: 195px; height: 200px;\" border=\"0\" alt=\"\" id=\"BLOGGER_PHOTO_ID_5412073932009593010\" \/><\/p>\n<div>Temos aqui um dos personagens dos mais importantes da primeira leva da Bossa Nova, Roberto Menescal acompanhado de seu conjunto, formado por Eumir Deodato no org\u00e3o e piano, Henri Ackselrud na flauta, Jo\u00e3o Palma na bateria, S\u00e9rgio Barroso no contrabaixo e Ugo Marotta no vibrafone. Este disco foi produzido pelo Andr\u00e9 Midani. Eu achava que algumas das faixas fossem as mesmas do disco do Menescal lan\u00e7ado pela Elenco, mas n\u00e3o tem nada a ver. &#8220;Bossa Nova&#8221; \u00e9 um \u00e1lbum exporta\u00e7\u00e3o, um disco fino, um cl\u00e1ssico instrumental e acima de tudo lindo de ouvir. Se voc\u00ea ainda n\u00e3o esbarrou com este \u00e1lbum por a\u00ed, n\u00e3o perca tempo. Como dizem por aqui, &#8220;trem b\u00e3o \u00e9 coisa boa&#8221; e passa antes que possamos contar o n\u00famero de vag\u00f5es. Confiram a p\u00e9rola que amanh\u00e3 tem mais&#8230; \ud83d\ude09<\/div>\n<div><\/div>\n<div style=\"text-align: center;\">corcovado<\/div>\n<div style=\"text-align: center;\">garota de ipanema<\/div>\n<div style=\"text-align: center;\">quem quiser encontrar o amor<\/div>\n<div style=\"text-align: center;\">menina feia<\/div>\n<div style=\"text-align: center;\">influ\u00eancia do jazz<\/div>\n<div style=\"text-align: center;\">rio<\/div>\n<div style=\"text-align: center;\">s\u00f3 dan\u00e7o samba<\/div>\n<div style=\"text-align: center;\">andorinha preta<\/div>\n<div style=\"text-align: center;\">fala de amor<\/div>\n<div style=\"text-align: center;\">o pato<\/div>\n<div style=\"text-align: center;\">vagamente<\/div>\n<div style=\"text-align: center;\">nos e o mar<\/div>\n<div style=\"text-align: center;\"><\/div>\n<div style=\"text-align: center;\"><\/div>\n<\/div>\n","protected":false},"excerpt":{"rendered":"<p>Ol\u00e1! Aqui estou eu neste domingo nublado trazendo para voc\u00eas um dos \u00e1lbuns que adquiri ontem na Feira do Vinil. Acho que a chuva espantou um pouco as pessoas, tirou o \u00e2nimo daqueles que, sinceramente, perderam uma boa oportunidade de &hellip; <a href=\"https:\/\/www.toque-musicall.com\/?p=1001\">Continue lendo <span class=\"meta-nav\">&rarr;<\/span><\/a><\/p>\n","protected":false},"author":1,"featured_media":0,"comment_status":"open","ping_status":"closed","sticky":false,"template":"","format":"standard","meta":{"footnotes":""},"categories":[295],"tags":[],"class_list":["post-1001","post","type-post","status-publish","format-standard","hentry","category-roberto-menescal"],"_links":{"self":[{"href":"https:\/\/www.toque-musicall.com\/index.php?rest_route=\/wp\/v2\/posts\/1001","targetHints":{"allow":["GET"]}}],"collection":[{"href":"https:\/\/www.toque-musicall.com\/index.php?rest_route=\/wp\/v2\/posts"}],"about":[{"href":"https:\/\/www.toque-musicall.com\/index.php?rest_route=\/wp\/v2\/types\/post"}],"author":[{"embeddable":true,"href":"https:\/\/www.toque-musicall.com\/index.php?rest_route=\/wp\/v2\/users\/1"}],"replies":[{"embeddable":true,"href":"https:\/\/www.toque-musicall.com\/index.php?rest_route=%2Fwp%2Fv2%2Fcomments&post=1001"}],"version-history":[{"count":0,"href":"https:\/\/www.toque-musicall.com\/index.php?rest_route=\/wp\/v2\/posts\/1001\/revisions"}],"wp:attachment":[{"href":"https:\/\/www.toque-musicall.com\/index.php?rest_route=%2Fwp%2Fv2%2Fmedia&parent=1001"}],"wp:term":[{"taxonomy":"category","embeddable":true,"href":"https:\/\/www.toque-musicall.com\/index.php?rest_route=%2Fwp%2Fv2%2Fcategories&post=1001"},{"taxonomy":"post_tag","embeddable":true,"href":"https:\/\/www.toque-musicall.com\/index.php?rest_route=%2Fwp%2Fv2%2Ftags&post=1001"}],"curies":[{"name":"wp","href":"https:\/\/api.w.org\/{rel}","templated":true}]}}