{"id":10012,"date":"2023-11-15T15:51:51","date_gmt":"2023-11-15T18:51:51","guid":{"rendered":"https:\/\/www.toque-musicall.com\/?p=10012"},"modified":"2023-11-25T15:56:47","modified_gmt":"2023-11-25T18:56:47","slug":"oriano-de-almeida-interpreta-waldemar-de-almeida-197","status":"publish","type":"post","link":"https:\/\/www.toque-musicall.com\/?p=10012","title":{"rendered":"Oriano De Almeida &#8211; Interpreta Waldemar De Almeida (197&#8230;)"},"content":{"rendered":"\n<figure class=\"wp-block-image size-large\"><img decoding=\"async\" src=\"https:\/\/blogger.googleusercontent.com\/img\/b\/R29vZ2xl\/AVvXsEivlDVCmw5M3h-O84nuuLoy2ja-9texrHMe4ye2FLQljTtTcYBjdq3Jn-9Nf1jnhYcs4oEFkFJlgzF4phZPC4zKjYbJiq-OIsbQ3_Pd2iUECfXxczOOfdL-pS9fHuNIplfZjyZYMXuITupLwwuG3M0GF9Q5og-W6l7ZS71mHAarjPB89UMUdsfx8-EL_SpQ\/w640-h640\/Capturar.JPG\" alt=\"\"\/><\/figure>\n\n\n\n<figure class=\"wp-block-image size-large\"><img decoding=\"async\" src=\"https:\/\/blogger.googleusercontent.com\/img\/b\/R29vZ2xl\/AVvXsEiLxov8QKREZdNgA5yhm2cHYMbbPUOcWQEqF9dLg8CH0miSVaGeF9v43XBnGiDSTqhHHxH5mWht9tiFI8ynl97FV_E4ST37GElBHkZqWSBasg0efi53R3mrItGzsesbI03erow4GgvdG3J8MBxgNP6-V8QISpKnw4GvTwJnqoR1I1n0YN2rJWIHsm4N5tjb\/w630-h640\/Capturarb.JPG\" alt=\"\"\/><\/figure>\n\n\n<div class=\"separator\">lenda<\/div>\n<div class=\"separator\">divertimento n\u00ba1<\/div>\n<div class=\"separator\">divertimento n\u00ba3<\/div>\n<div class=\"separator\">divertimento n\u00ba4<\/div>\n<div class=\"separator\">noturno<\/div>\n<div class=\"separator\">valsa nobre &#8211; l\u00e1 menor<\/div>\n<div class=\"separator\">valsa nobre &#8211; l\u00e1 maior<\/div>\n<div class=\"separator\">pastoral<\/div>\n<div class=\"separator\">acalanto e modinha<\/div>\n<div class=\"separator\">hommage a debussy<\/div>\n<div class=\"separator\">realejo e desfile de quintal<\/div>\n<div class=\"separator\">invoca\u00e7\u00e3o<\/div>\n<div class=\"separator\">prel\u00fadio<\/div>\n<div class=\"separator\">minueto<\/div>\n<div class=\"separator\">dansa de indios<\/div>\n<div class=\"separator\">\u00a0<\/div>\n<div class=\"separator\">\u00a0<\/div>\n<div class=\"separator\">.<\/div>","protected":false},"excerpt":{"rendered":"<p>lenda divertimento n\u00ba1 divertimento n\u00ba3 divertimento n\u00ba4 noturno valsa nobre &#8211; l\u00e1 menor valsa nobre &#8211; l\u00e1 maior pastoral acalanto e modinha hommage a debussy realejo e desfile de quintal invoca\u00e7\u00e3o prel\u00fadio minueto dansa de indios \u00a0 \u00a0 .<\/p>\n","protected":false},"author":1,"featured_media":0,"comment_status":"closed","ping_status":"closed","sticky":false,"template":"","format":"standard","meta":{"footnotes":""},"categories":[1],"tags":[5291,5461,5491,5492],"class_list":["post-10012","post","type-post","status-publish","format-standard","hentry","category-sem-categoria","tag-eruditos","tag-oriano-de-almeida","tag-selo-classic","tag-waldemar-de-almeida"],"_links":{"self":[{"href":"https:\/\/www.toque-musicall.com\/index.php?rest_route=\/wp\/v2\/posts\/10012","targetHints":{"allow":["GET"]}}],"collection":[{"href":"https:\/\/www.toque-musicall.com\/index.php?rest_route=\/wp\/v2\/posts"}],"about":[{"href":"https:\/\/www.toque-musicall.com\/index.php?rest_route=\/wp\/v2\/types\/post"}],"author":[{"embeddable":true,"href":"https:\/\/www.toque-musicall.com\/index.php?rest_route=\/wp\/v2\/users\/1"}],"replies":[{"embeddable":true,"href":"https:\/\/www.toque-musicall.com\/index.php?rest_route=%2Fwp%2Fv2%2Fcomments&post=10012"}],"version-history":[{"count":1,"href":"https:\/\/www.toque-musicall.com\/index.php?rest_route=\/wp\/v2\/posts\/10012\/revisions"}],"predecessor-version":[{"id":10013,"href":"https:\/\/www.toque-musicall.com\/index.php?rest_route=\/wp\/v2\/posts\/10012\/revisions\/10013"}],"wp:attachment":[{"href":"https:\/\/www.toque-musicall.com\/index.php?rest_route=%2Fwp%2Fv2%2Fmedia&parent=10012"}],"wp:term":[{"taxonomy":"category","embeddable":true,"href":"https:\/\/www.toque-musicall.com\/index.php?rest_route=%2Fwp%2Fv2%2Fcategories&post=10012"},{"taxonomy":"post_tag","embeddable":true,"href":"https:\/\/www.toque-musicall.com\/index.php?rest_route=%2Fwp%2Fv2%2Ftags&post=10012"}],"curies":[{"name":"wp","href":"https:\/\/api.w.org\/{rel}","templated":true}]}}