{"id":10014,"date":"2023-11-17T19:01:04","date_gmt":"2023-11-17T22:01:04","guid":{"rendered":"https:\/\/www.toque-musicall.com\/?p=10014"},"modified":"2023-11-25T19:04:46","modified_gmt":"2023-11-25T22:04:46","slug":"orquestra-de-camara-da-fundacao-cultural-de-belo-horizonte-concerto-de-camara-198","status":"publish","type":"post","link":"https:\/\/www.toque-musicall.com\/?p=10014","title":{"rendered":"Orquestra De C\u00e2mara Da Funda\u00e7\u00e3o Cultural De Belo Horizonte &#8211; Concerto De C\u00e2mara (198&#8230;)"},"content":{"rendered":"\n<figure class=\"wp-block-image size-large\"><img decoding=\"async\" src=\"https:\/\/blogger.googleusercontent.com\/img\/b\/R29vZ2xl\/AVvXsEgyXMvfRtQEgwd_11g2UzxjsFDthX7IcZDNsAlWOcSNZD777eOk26xgRNMPz4eAt8ygkrqUzdFvoWIuetVvCNH8OzBU4hz4yfKhyphenhyphen6IAspQ1IhWgiUgNn17EqqLZH4x-crT5ineAd9K-QTZW7gp93399Xlc-RvAa_knyQDCxzJOin8DI3CT96nDCiLVOBwOY\/w622-h640\/Capturar.JPG\" alt=\"\"\/><\/figure>\n\n\n\n<figure class=\"wp-block-image size-large\"><img decoding=\"async\" src=\"https:\/\/blogger.googleusercontent.com\/img\/b\/R29vZ2xl\/AVvXsEjsmLIVkUaN-FViDKTKbaIEHHO7Z1Iwwjtiawjaup8O8X-ZkpaWrjISBcG2YHfI2eI4w8KKzwQJxxJS29bSf5IViRUaKZe-T4KztaMqTd85VOH2QhRDBAYPwjGA6QmczekRhu7vm3N-fgdUSGv2-wymq1uJIYVnnaYbQw7Ao2_rxsa9rAJon_NB7hPsiBsI\/w640-h632\/Capturarb.JPG\" alt=\"\"\/><\/figure>\n\n\n<div class=\"separator\">sinfonia a quatro &#8211; albinoni<\/div>\n<div class=\"separator\">\u00e1ria na corda de sol &#8211; bach<\/div>\n<div class=\"separator\">tr\u00eas pe\u00e7as &#8211; haendel<\/div>\n<div class=\"separator\">serenata &#8211; alberto nepomuceno<\/div>\n<div class=\"separator\">prel\u00fadio &#8211; villa lobos<\/div>\n<div class=\"separator\">quatro momentos n\u00ba3 &#8211; ernani aguiar<\/div>\n<div class=\"separator\">\u00a0<\/div>\n<div class=\"separator\">\u00a0<\/div>\n<div class=\"separator\">.<\/div>\n<div class=\"separator\">\u00a0<\/div>","protected":false},"excerpt":{"rendered":"<p>sinfonia a quatro &#8211; albinoni \u00e1ria na corda de sol &#8211; bach tr\u00eas pe\u00e7as &#8211; haendel serenata &#8211; alberto nepomuceno prel\u00fadio &#8211; villa lobos quatro momentos n\u00ba3 &#8211; ernani aguiar \u00a0 \u00a0 . \u00a0<\/p>\n","protected":false},"author":1,"featured_media":0,"comment_status":"closed","ping_status":"closed","sticky":false,"template":"","format":"standard","meta":{"footnotes":""},"categories":[1],"tags":[5291,5493,3017],"class_list":["post-10014","post","type-post","status-publish","format-standard","hentry","category-sem-categoria","tag-eruditos","tag-orquestra-de-camara-da-fundacao-cultura-de-belo-horizonte","tag-selo-independente"],"_links":{"self":[{"href":"https:\/\/www.toque-musicall.com\/index.php?rest_route=\/wp\/v2\/posts\/10014","targetHints":{"allow":["GET"]}}],"collection":[{"href":"https:\/\/www.toque-musicall.com\/index.php?rest_route=\/wp\/v2\/posts"}],"about":[{"href":"https:\/\/www.toque-musicall.com\/index.php?rest_route=\/wp\/v2\/types\/post"}],"author":[{"embeddable":true,"href":"https:\/\/www.toque-musicall.com\/index.php?rest_route=\/wp\/v2\/users\/1"}],"replies":[{"embeddable":true,"href":"https:\/\/www.toque-musicall.com\/index.php?rest_route=%2Fwp%2Fv2%2Fcomments&post=10014"}],"version-history":[{"count":1,"href":"https:\/\/www.toque-musicall.com\/index.php?rest_route=\/wp\/v2\/posts\/10014\/revisions"}],"predecessor-version":[{"id":10015,"href":"https:\/\/www.toque-musicall.com\/index.php?rest_route=\/wp\/v2\/posts\/10014\/revisions\/10015"}],"wp:attachment":[{"href":"https:\/\/www.toque-musicall.com\/index.php?rest_route=%2Fwp%2Fv2%2Fmedia&parent=10014"}],"wp:term":[{"taxonomy":"category","embeddable":true,"href":"https:\/\/www.toque-musicall.com\/index.php?rest_route=%2Fwp%2Fv2%2Fcategories&post=10014"},{"taxonomy":"post_tag","embeddable":true,"href":"https:\/\/www.toque-musicall.com\/index.php?rest_route=%2Fwp%2Fv2%2Ftags&post=10014"}],"curies":[{"name":"wp","href":"https:\/\/api.w.org\/{rel}","templated":true}]}}