{"id":10016,"date":"2023-11-19T20:06:39","date_gmt":"2023-11-19T23:06:39","guid":{"rendered":"https:\/\/www.toque-musicall.com\/?p=10016"},"modified":"2023-11-26T20:11:36","modified_gmt":"2023-11-26T23:11:36","slug":"orquestra-sinfonica-brasileira-alberto-nepomuceno-195","status":"publish","type":"post","link":"https:\/\/www.toque-musicall.com\/?p=10016","title":{"rendered":"Orquestra Sinf\u00f4nica Brasileira &#8211; Alberto Nepomuceno (195&#8230;)\u00a0"},"content":{"rendered":"\n<figure class=\"wp-block-image size-large\"><img decoding=\"async\" src=\"https:\/\/blogger.googleusercontent.com\/img\/b\/R29vZ2xl\/AVvXsEgKsIfYe4yM_SE36Kzwx7jmaGlo1B6hp1xN9Nl86OdCcnupOvwXITYZPYi1MP9q8B6ZDGBnNvdJZAkZwa8CJsn0CCRsEjhBmakvMHNwHcyPlrd_SzwwHhRiAPGW_juCNqT04BSWPsV5YjDS4JcDC9D2xZgB927iZ_1e-M-_tNZFEulVw3yZsES1z2LbuKQ2\/w640-h634\/Capturarf.JPG\" alt=\"\"\/><\/figure>\n\n\n\n<figure class=\"wp-block-image size-large\"><img decoding=\"async\" src=\"https:\/\/blogger.googleusercontent.com\/img\/b\/R29vZ2xl\/AVvXsEijMAp-Q-dgNIjod3o2DfpPcrsSNH_khV-N1HyeQPiWCa2qDVJ9Tx3dHsLJXt0c9IqqQywoA7OyYn_IbosPRIBLcs3rAqDZXR8hw2RdCmD7MrneqsJIoNqti3XBFvyR6fHKxcAqfremhQsq7m_5xdSpnzFTb4HuzbzNtwFryihCC7t6fjeEdsso5wFHljcM\/w632-h640\/Capturar.JPG\" alt=\"\"\/><\/figure>\n\n\n<div class=\"separator\">alvorada na serra<\/div>\n<div class=\"separator\">interm\u00e9dio<\/div>\n<div class=\"separator\">a sesta (na rede)<\/div>\n<div class=\"separator\">batuque<\/div>\n<div class=\"separator\">dan\u00e7a de v\u00e9o (da \u00f3pera abul)<\/div>\n<div class=\"separator\">interl\u00fadio (do 3\u00ba ato da \u00f3pera abul)<\/div>\n<div class=\"separator\">garatuja (prel\u00fadio da \u00f3pera abul)<\/div>\n<div class=\"separator\">\u00a0<\/div>\n<div class=\"separator\">\u00a0<\/div>\n<div class=\"separator\">.<\/div>\n<div class=\"separator\">\u00a0<\/div>\n<div class=\"separator\">\u00a0<\/div>","protected":false},"excerpt":{"rendered":"<p>alvorada na serra interm\u00e9dio a sesta (na rede) batuque dan\u00e7a de v\u00e9o (da \u00f3pera abul) interl\u00fadio (do 3\u00ba ato da \u00f3pera abul) garatuja (prel\u00fadio da \u00f3pera abul) \u00a0 \u00a0 . \u00a0 \u00a0<\/p>\n","protected":false},"author":1,"featured_media":0,"comment_status":"closed","ping_status":"closed","sticky":false,"template":"","format":"standard","meta":{"footnotes":""},"categories":[1],"tags":[5292,5291,5282,3358],"class_list":["post-10016","post","type-post","status-publish","format-standard","hentry","category-sem-categoria","tag-alberto-nepomuceno","tag-eruditos","tag-orquestra-sinfonica-brasileira","tag-selo-festa"],"_links":{"self":[{"href":"https:\/\/www.toque-musicall.com\/index.php?rest_route=\/wp\/v2\/posts\/10016","targetHints":{"allow":["GET"]}}],"collection":[{"href":"https:\/\/www.toque-musicall.com\/index.php?rest_route=\/wp\/v2\/posts"}],"about":[{"href":"https:\/\/www.toque-musicall.com\/index.php?rest_route=\/wp\/v2\/types\/post"}],"author":[{"embeddable":true,"href":"https:\/\/www.toque-musicall.com\/index.php?rest_route=\/wp\/v2\/users\/1"}],"replies":[{"embeddable":true,"href":"https:\/\/www.toque-musicall.com\/index.php?rest_route=%2Fwp%2Fv2%2Fcomments&post=10016"}],"version-history":[{"count":1,"href":"https:\/\/www.toque-musicall.com\/index.php?rest_route=\/wp\/v2\/posts\/10016\/revisions"}],"predecessor-version":[{"id":10017,"href":"https:\/\/www.toque-musicall.com\/index.php?rest_route=\/wp\/v2\/posts\/10016\/revisions\/10017"}],"wp:attachment":[{"href":"https:\/\/www.toque-musicall.com\/index.php?rest_route=%2Fwp%2Fv2%2Fmedia&parent=10016"}],"wp:term":[{"taxonomy":"category","embeddable":true,"href":"https:\/\/www.toque-musicall.com\/index.php?rest_route=%2Fwp%2Fv2%2Fcategories&post=10016"},{"taxonomy":"post_tag","embeddable":true,"href":"https:\/\/www.toque-musicall.com\/index.php?rest_route=%2Fwp%2Fv2%2Ftags&post=10016"}],"curies":[{"name":"wp","href":"https:\/\/api.w.org\/{rel}","templated":true}]}}