{"id":1002,"date":"2009-12-05T08:59:00","date_gmt":"2009-12-05T08:59:00","guid":{"rendered":"http:\/\/www.toque-musicall.com\/?p=1002"},"modified":"2009-12-05T08:59:00","modified_gmt":"2009-12-05T08:59:00","slug":"isaura-garcia-documento-inedito-1987","status":"publish","type":"post","link":"https:\/\/www.toque-musicall.com\/?p=1002","title":{"rendered":"Isaura Garcia &#8211; Documento In\u00e9dito (1987)"},"content":{"rendered":"<p><a href=\"http:\/\/1.bp.blogspot.com\/_DSKVEvHtskc\/SxohNxfx-9I\/AAAAAAAAFug\/WDyBp27lVyM\/s1600-h\/isaura+garcia+P.JPG\"><img decoding=\"async\" style=\"display:block; margin:0px auto 10px; text-align:center;cursor:pointer; cursor:hand;width: 400px; height: 397px;\" src=\"http:\/\/1.bp.blogspot.com\/_DSKVEvHtskc\/SxohNxfx-9I\/AAAAAAAAFug\/WDyBp27lVyM\/s400\/isaura+garcia+P.JPG\" border=\"0\" alt=\"\" id=\"BLOGGER_PHOTO_ID_5411674422747724754\" \/><\/a>Ol\u00e1 amigos cultos e ocultos! Meio na pressa, saindo j\u00e1 para a Feira do Vinil, aqui vou eu rapidinho deixando a nossa postagem do dia. Como informei na anterior, a feira acontece durante todo o dia, hoje e amanh\u00e3, no Centro Cultural Padre Eust\u00e1quio, no antigo mercado coberto do bairro Padre Eust\u00e1quio. Quem \u00e9 de Bel\u00f4 n\u00e3o vai ter como errar o endere\u00e7o, entrada pela rua Jacutinga ou pela rua Padre Eust\u00e1quio. Apare\u00e7am porque vai ter muito coisa bacana. Eu vou cedinho para pegar &#8216;a primeira fornada&#8217;. \ud83d\ude09<\/p>\n<div>Bom, aqui vai o do dia, Isaura Garcia num disco muito interessante lan\u00e7ado pelo Est\u00fadio Eudorado em 1987. Trata-se de um momento raro, uma grava\u00e7\u00e3o de uma entrevista dada pela cantora \u00e0 R\u00e1dio Eldorado em 1979. Nesta entrevista, que na verdade \u00e9 um depoimento, Isaura Garcia conta um pouco de sua vida, o in\u00edcio de carreira, os momento \u00e1ureos no r\u00e1dio, o casamento com Walter Wanderley e principalmente fala de m\u00fasica, daquelas que ela gravou e de tantas outras que ela gostaria de ter gravado. O \u00e1lbum \u00e9 tamb\u00e9m uma oportunidade \u00fanica onde ela pode realizar esse desejo de gravar suas can\u00e7\u00f5es prediletas. Musicalmente \u00e9 um disco singelo, onde Isaura Garcia canta descompromissada, tendo apenas um viol\u00e3o por acompanhamento. O resultado desta grava\u00e7\u00e3o como disco ficou \u00f3timo e \u00e9 sem d\u00favida um depoimento hist\u00f3rico. Vale a pena dar uma conferida&#8230;<\/div>\n<div style=\"text-align: center;\">s\u00f3 louco<\/div>\n<div style=\"text-align: center;\">e o mundo n\u00e3o acabou<\/div>\n<div style=\"text-align: center;\">por causa de voc\u00ea<\/div>\n<div style=\"text-align: center;\">preciso aprender a ser s\u00f3<\/div>\n<div style=\"text-align: center;\">n\u00e3o se esque\u00e7a de mim<\/div>\n<div style=\"text-align: center;\">falando s\u00e9rio<\/div>\n<div style=\"text-align: center;\">f\u00eanix<\/div>\n<div style=\"text-align: center;\">matriz ou filial<\/div>\n<div style=\"text-align: center;\">contrasenso<\/div>\n<div style=\"text-align: center;\">tenho que ir<\/div>\n<div style=\"text-align: center;\">se voc\u00ea visse<\/div>\n<div style=\"text-align: center;\">sufoco<\/div>\n<div style=\"text-align: center;\"><\/div>\n<div style=\"text-align: center;\"> <\/div>\n","protected":false},"excerpt":{"rendered":"<p>Ol\u00e1 amigos cultos e ocultos! Meio na pressa, saindo j\u00e1 para a Feira do Vinil, aqui vou eu rapidinho deixando a nossa postagem do dia. Como informei na anterior, a feira acontece durante todo o dia, hoje e amanh\u00e3, no &hellip; <a href=\"https:\/\/www.toque-musicall.com\/?p=1002\">Continue lendo <span class=\"meta-nav\">&rarr;<\/span><\/a><\/p>\n","protected":false},"author":1,"featured_media":0,"comment_status":"open","ping_status":"closed","sticky":false,"template":"","format":"standard","meta":{"footnotes":""},"categories":[713],"tags":[],"class_list":["post-1002","post","type-post","status-publish","format-standard","hentry","category-isaura-garcia"],"_links":{"self":[{"href":"https:\/\/www.toque-musicall.com\/index.php?rest_route=\/wp\/v2\/posts\/1002","targetHints":{"allow":["GET"]}}],"collection":[{"href":"https:\/\/www.toque-musicall.com\/index.php?rest_route=\/wp\/v2\/posts"}],"about":[{"href":"https:\/\/www.toque-musicall.com\/index.php?rest_route=\/wp\/v2\/types\/post"}],"author":[{"embeddable":true,"href":"https:\/\/www.toque-musicall.com\/index.php?rest_route=\/wp\/v2\/users\/1"}],"replies":[{"embeddable":true,"href":"https:\/\/www.toque-musicall.com\/index.php?rest_route=%2Fwp%2Fv2%2Fcomments&post=1002"}],"version-history":[{"count":0,"href":"https:\/\/www.toque-musicall.com\/index.php?rest_route=\/wp\/v2\/posts\/1002\/revisions"}],"wp:attachment":[{"href":"https:\/\/www.toque-musicall.com\/index.php?rest_route=%2Fwp%2Fv2%2Fmedia&parent=1002"}],"wp:term":[{"taxonomy":"category","embeddable":true,"href":"https:\/\/www.toque-musicall.com\/index.php?rest_route=%2Fwp%2Fv2%2Fcategories&post=1002"},{"taxonomy":"post_tag","embeddable":true,"href":"https:\/\/www.toque-musicall.com\/index.php?rest_route=%2Fwp%2Fv2%2Ftags&post=1002"}],"curies":[{"name":"wp","href":"https:\/\/api.w.org\/{rel}","templated":true}]}}