{"id":10044,"date":"2023-12-06T18:54:09","date_gmt":"2023-12-06T21:54:09","guid":{"rendered":"https:\/\/www.toque-musicall.com\/?p=10044"},"modified":"2023-12-08T19:04:23","modified_gmt":"2023-12-08T22:04:23","slug":"padre-jose-mauricio-musica-pastoral-para-a-noite-de-natal-1962","status":"publish","type":"post","link":"https:\/\/www.toque-musicall.com\/?p=10044","title":{"rendered":"Padre Jos\u00e9 Maur\u00edcio &#8211; M\u00fasica Pastoral Para A Noite De Natal (1962)"},"content":{"rendered":"\n<figure class=\"wp-block-image size-large\"><img decoding=\"async\" src=\"https:\/\/blogger.googleusercontent.com\/img\/b\/R29vZ2xl\/AVvXsEhopxmj_HS6yysruqumn2u9oZqlPq7dRdUJF8RD6NIAbXYOzqdX3eQdDWNGzwhDA4-UwxvD8ilnDI8Mzm8k3uj51gr9uCrOXc8wkpRb6UHFGontGx0qoThAKk3dsA9Kn6W-sRzGdD-IghlCX4ffVbvOlGYdOaclvPxSwrkwXPtnqJrTPAi3Kecq4wuG7RSf\/w624-h640\/Capturar.JPG\" alt=\"\"\/><\/figure>\n\n\n\n<figure class=\"wp-block-image size-large\"><img decoding=\"async\" src=\"https:\/\/blogger.googleusercontent.com\/img\/b\/R29vZ2xl\/AVvXsEjfUtx2Qxd6jCwZgHaemOwxVu_9beAv_S7h3-zYt4LhhIpoG9-kXcUeuUgXibjoQpB6cYAwB9RdRRdOUDwbMP4j-Tfa7XNUPWgk62_xIX_wvoxJ9ALQglNcnYXlNIUSUIQibrO_PduCOsID8kyoj4YxSo8wcIg1nOrdVTqSQWH4zgwr0T6xNWQJVol4IxDJ\/w622-h640\/Capturarb.JPG\" alt=\"\"\/><\/figure>\n\n\n<div class=\"separator\">kyrie<\/div>\n<div class=\"separator\">gloria<\/div>\n<div class=\"separator\">laudamus te<\/div>\n<div class=\"separator\">gratias<\/div>\n<div class=\"separator\">qui tollis<\/div>\n<div class=\"separator\">qui sedes<\/div>\n<div class=\"separator\">cum sancto<\/div>\n<div class=\"separator\">credo<\/div>\n<div class=\"separator\">et resur exit<\/div>\n<div class=\"separator\">sanctus<\/div>\n<div class=\"separator\">benedictus<\/div>\n<div class=\"separator\">agnus dei<\/div>\n<div class=\"separator\">\u00a0<\/div>\n<div class=\"separator\">\u00a0<\/div>\n<div class=\"separator\">.<\/div>","protected":false},"excerpt":{"rendered":"<p>kyrie gloria laudamus te gratias qui tollis qui sedes cum sancto credo et resur exit sanctus benedictus agnus dei \u00a0 \u00a0 .<\/p>\n","protected":false},"author":1,"featured_media":0,"comment_status":"closed","ping_status":"closed","sticky":false,"template":"","format":"standard","meta":{"footnotes":""},"categories":[1],"tags":[5291,5300,5500,5315],"class_list":["post-10044","post","type-post","status-publish","format-standard","hentry","category-sem-categoria","tag-eruditos","tag-francisco-mignone","tag-padre-jose-mauricio","tag-selo-angel"],"_links":{"self":[{"href":"https:\/\/www.toque-musicall.com\/index.php?rest_route=\/wp\/v2\/posts\/10044","targetHints":{"allow":["GET"]}}],"collection":[{"href":"https:\/\/www.toque-musicall.com\/index.php?rest_route=\/wp\/v2\/posts"}],"about":[{"href":"https:\/\/www.toque-musicall.com\/index.php?rest_route=\/wp\/v2\/types\/post"}],"author":[{"embeddable":true,"href":"https:\/\/www.toque-musicall.com\/index.php?rest_route=\/wp\/v2\/users\/1"}],"replies":[{"embeddable":true,"href":"https:\/\/www.toque-musicall.com\/index.php?rest_route=%2Fwp%2Fv2%2Fcomments&post=10044"}],"version-history":[{"count":1,"href":"https:\/\/www.toque-musicall.com\/index.php?rest_route=\/wp\/v2\/posts\/10044\/revisions"}],"predecessor-version":[{"id":10045,"href":"https:\/\/www.toque-musicall.com\/index.php?rest_route=\/wp\/v2\/posts\/10044\/revisions\/10045"}],"wp:attachment":[{"href":"https:\/\/www.toque-musicall.com\/index.php?rest_route=%2Fwp%2Fv2%2Fmedia&parent=10044"}],"wp:term":[{"taxonomy":"category","embeddable":true,"href":"https:\/\/www.toque-musicall.com\/index.php?rest_route=%2Fwp%2Fv2%2Fcategories&post=10044"},{"taxonomy":"post_tag","embeddable":true,"href":"https:\/\/www.toque-musicall.com\/index.php?rest_route=%2Fwp%2Fv2%2Ftags&post=10044"}],"curies":[{"name":"wp","href":"https:\/\/api.w.org\/{rel}","templated":true}]}}