{"id":10067,"date":"2023-12-16T18:51:04","date_gmt":"2023-12-16T21:51:04","guid":{"rendered":"https:\/\/www.toque-musicall.com\/?p=10067"},"modified":"2023-12-17T18:54:44","modified_gmt":"2023-12-17T21:54:44","slug":"coral-da-puc-rs-e-orquestra-rei-dos-reis-cantata-de-frederico-gerling-junior-1981","status":"publish","type":"post","link":"https:\/\/www.toque-musicall.com\/?p=10067","title":{"rendered":"Coral Da Puc-RS E Orquestra &#8211; Rei Dos Reis &#8211; Cantata De Frederico Gerling Junior (1981)"},"content":{"rendered":"\n<figure class=\"wp-block-image size-large\"><img decoding=\"async\" src=\"https:\/\/blogger.googleusercontent.com\/img\/b\/R29vZ2xl\/AVvXsEhjKW3PdhB-OhRUiJZSu56XGgxemOjXSbqKFuq3P1dmBJkuRu5wBcOoGWB70SDFb_DZDnbjcqo12IUv-LTjmR8Z0jmmJ45lSsfxGjLN6z9QIMzUntVO9Tw3LbOvqML-_Y7HX09g-bKcyTvqlMPqDs5Ztqv3oirLO6nT0PaQ943XquqUMRpMNIUyFssIljx1\/w640-h624\/IMG_20231202_163228230.jpg\" alt=\"\"\/><\/figure>\n\n\n\n<figure class=\"wp-block-image size-large\"><img decoding=\"async\" src=\"https:\/\/blogger.googleusercontent.com\/img\/b\/R29vZ2xl\/AVvXsEjI71ApAeMDuQLl6eV9gBLHef6GlXwWQxUhzHnVGuGQzNYuMAofYBwiP9Tnut7tdYZNcqjOo8PWbBLHaeK_UY1wNsnYfo1AFVusA8VKzOzBmaA7bnA-dqTefK8QljV9DSkXY81Vyhn7NWc8Qr1XJzg6Nrl_s1IrRyj6FTg7ZMTnGVaPK0mPctD-3RrwvGUf\/w640-h632\/IMG_20231202_163243408.jpg\" alt=\"\"\/><\/figure>\n\n\n<div class=\"separator\">ambienta\u00e7\u00e3o:\u00a0<\/div>\n<div class=\"separator\">intrdu\u00e7\u00e3o (os pastores no campo<\/div>\n<div class=\"separator\">coral &#8211; linda e calma a tarde cai<\/div>\n<div class=\"separator\">o nascimento:<\/div>\n<div class=\"separator\">n\u00e3o pode demorar<\/div>\n<div class=\"separator\">e isto vos ser\u00e1 por sinal<\/div>\n<div class=\"separator\">maravilhoso &#8211; seu nome seria maravilhoso<\/div>\n<div class=\"separator\">hosana &#8211; a entrada triunfal<\/div>\n<div class=\"separator\">getsemani:<\/div>\n<div class=\"separator\">jesus minha alma est\u00e1 triste<\/div>\n<div class=\"separator\">calv\u00e1rio:<\/div>\n<div class=\"separator\">a caminho do calv\u00e1rio<\/div>\n<div class=\"separator\">ressurrei\u00e7\u00e3o:<\/div>\n<div class=\"separator\">o amanhecer<\/div>\n<div class=\"separator\">o anjo sepulcro<\/div>\n<div class=\"separator\">n\u00e3o temais&#8230; jesus ressuscitou<\/div>\n<div class=\"separator\">\u00a0<\/div>\n<div class=\"separator\">\u00a0<\/div>\n<div class=\"separator\">.<\/div>\n<div class=\"separator\">\u00a0<\/div>","protected":false},"excerpt":{"rendered":"<p>ambienta\u00e7\u00e3o:\u00a0 intrdu\u00e7\u00e3o (os pastores no campo coral &#8211; linda e calma a tarde cai o nascimento: n\u00e3o pode demorar e isto vos ser\u00e1 por sinal maravilhoso &#8211; seu nome seria maravilhoso hosana &#8211; a entrada triunfal getsemani: jesus minha alma &hellip; <a href=\"https:\/\/www.toque-musicall.com\/?p=10067\">Continue lendo <span class=\"meta-nav\">&rarr;<\/span><\/a><\/p>\n","protected":false},"author":1,"featured_media":0,"comment_status":"closed","ping_status":"closed","sticky":false,"template":"","format":"standard","meta":{"footnotes":""},"categories":[1],"tags":[5506,5291,5505,3017,4055],"class_list":["post-10067","post","type-post","status-publish","format-standard","hentry","category-sem-categoria","tag-coral-da-puc-rs","tag-eruditos","tag-frederico-gerling-junior","tag-selo-independente","tag-selo-promocional"],"_links":{"self":[{"href":"https:\/\/www.toque-musicall.com\/index.php?rest_route=\/wp\/v2\/posts\/10067","targetHints":{"allow":["GET"]}}],"collection":[{"href":"https:\/\/www.toque-musicall.com\/index.php?rest_route=\/wp\/v2\/posts"}],"about":[{"href":"https:\/\/www.toque-musicall.com\/index.php?rest_route=\/wp\/v2\/types\/post"}],"author":[{"embeddable":true,"href":"https:\/\/www.toque-musicall.com\/index.php?rest_route=\/wp\/v2\/users\/1"}],"replies":[{"embeddable":true,"href":"https:\/\/www.toque-musicall.com\/index.php?rest_route=%2Fwp%2Fv2%2Fcomments&post=10067"}],"version-history":[{"count":1,"href":"https:\/\/www.toque-musicall.com\/index.php?rest_route=\/wp\/v2\/posts\/10067\/revisions"}],"predecessor-version":[{"id":10068,"href":"https:\/\/www.toque-musicall.com\/index.php?rest_route=\/wp\/v2\/posts\/10067\/revisions\/10068"}],"wp:attachment":[{"href":"https:\/\/www.toque-musicall.com\/index.php?rest_route=%2Fwp%2Fv2%2Fmedia&parent=10067"}],"wp:term":[{"taxonomy":"category","embeddable":true,"href":"https:\/\/www.toque-musicall.com\/index.php?rest_route=%2Fwp%2Fv2%2Fcategories&post=10067"},{"taxonomy":"post_tag","embeddable":true,"href":"https:\/\/www.toque-musicall.com\/index.php?rest_route=%2Fwp%2Fv2%2Ftags&post=10067"}],"curies":[{"name":"wp","href":"https:\/\/api.w.org\/{rel}","templated":true}]}}