{"id":1009,"date":"2009-11-28T17:51:00","date_gmt":"2009-11-28T17:51:00","guid":{"rendered":"http:\/\/www.toque-musicall.com\/?p=1009"},"modified":"2009-11-28T17:51:00","modified_gmt":"2009-11-28T17:51:00","slug":"os-populares-1967","status":"publish","type":"post","link":"https:\/\/www.toque-musicall.com\/?p=1009","title":{"rendered":"Os Populares (1967)"},"content":{"rendered":"<p><a href=\"http:\/\/4.bp.blogspot.com\/_DSKVEvHtskc\/SxFjrc6jleI\/AAAAAAAAFsM\/kpX75Ocl6T4\/s1600\/os+populares+P2.JPG\"><img decoding=\"async\" style=\"display:block; margin:0px auto 10px; text-align:center;cursor:pointer; cursor:hand;width: 400px; height: 398px;\" src=\"http:\/\/4.bp.blogspot.com\/_DSKVEvHtskc\/SxFjrc6jleI\/AAAAAAAAFsM\/kpX75Ocl6T4\/s400\/os+populares+P2.JPG\" border=\"0\" alt=\"\" id=\"BLOGGER_PHOTO_ID_5409214225595995618\" \/><\/a>Ol\u00e1 amigos cultos e ocultos! N\u00e3o fosse o compromisso di\u00e1rio de postagem, eu hoje iria deixar voc\u00eas na m\u00e3o. Estou numa pregui\u00e7a de fazer inveja a baiano. Por mim, hoje eu ficaria s\u00f3 ouvindo m\u00fasica e no chocolate. Quero aproveitar o s\u00e1bado, pois o domingo vai ser osso, vou trabalhar \ud83d\ude41<\/p>\n<div>Eu estava aqui ouvindo este disco dOs Populares. Eu estava crente que j\u00e1 o havia postado, da\u00ed percebi meu engano. Como hoje eu ainda n\u00e3o havia preparado nada, achei uma boa oportunidade. Este \u00e1lbum dOs Populares \u00e9 \u00f3timo, talvez o melhor. Foi o segundo disco do grupo lan\u00e7ado no mesmo ano do primeiro, 1967. O repert\u00f3rio \u00e9 s\u00f3 alegria e o grupo n\u00e3o deixa a peteca cair. Julio Cezar, o guitarrista e lider da banda \u00e9 mesmo um fera, toca muito!<\/div>\n<div>Vou deixar voc\u00eas a\u00ed ouvindo e me jogar no balan\u00e7o de outra rede. Deixa eu descansar&#8230; <\/div>\n<div style=\"text-align: left;\"><\/div>\n<div style=\"text-align: center;\">meu lim\u00e3o meu limoeiro &#8211; lara&#8217;s themes<\/div>\n<div style=\"text-align: center;\">balan\u00e7o de vera<\/div>\n<div style=\"text-align: center;\">sous le ciel de paris<\/div>\n<div style=\"text-align: center;\">esploration in terror<\/div>\n<div style=\"text-align: center;\">meu sonho<\/div>\n<div style=\"text-align: center;\">acorda maria bonita &#8211; se eu soubesse<\/div>\n<div style=\"text-align: center;\">balan\u00e7a a cabe\u00e7a<\/div>\n<div style=\"text-align: center;\">lejania<\/div>\n<div style=\"text-align: center;\">zero zero cezar<\/div>\n<div style=\"text-align: center;\">theme for lovers<\/div>\n<div style=\"text-align: center;\">deixe de esnobar<\/div>\n<div style=\"text-align: center;\">valsa da despedida &#8211; est\u00e1 chegando a hora<\/div>\n<div style=\"text-align: center;\"><\/div>\n<div style=\"text-align: center;\"><\/div>\n","protected":false},"excerpt":{"rendered":"<p>Ol\u00e1 amigos cultos e ocultos! N\u00e3o fosse o compromisso di\u00e1rio de postagem, eu hoje iria deixar voc\u00eas na m\u00e3o. Estou numa pregui\u00e7a de fazer inveja a baiano. Por mim, hoje eu ficaria s\u00f3 ouvindo m\u00fasica e no chocolate. Quero aproveitar &hellip; <a href=\"https:\/\/www.toque-musicall.com\/?p=1009\">Continue lendo <span class=\"meta-nav\">&rarr;<\/span><\/a><\/p>\n","protected":false},"author":1,"featured_media":0,"comment_status":"open","ping_status":"closed","sticky":false,"template":"","format":"standard","meta":{"footnotes":""},"categories":[1298],"tags":[],"class_list":["post-1009","post","type-post","status-publish","format-standard","hentry","category-os-populares"],"_links":{"self":[{"href":"https:\/\/www.toque-musicall.com\/index.php?rest_route=\/wp\/v2\/posts\/1009","targetHints":{"allow":["GET"]}}],"collection":[{"href":"https:\/\/www.toque-musicall.com\/index.php?rest_route=\/wp\/v2\/posts"}],"about":[{"href":"https:\/\/www.toque-musicall.com\/index.php?rest_route=\/wp\/v2\/types\/post"}],"author":[{"embeddable":true,"href":"https:\/\/www.toque-musicall.com\/index.php?rest_route=\/wp\/v2\/users\/1"}],"replies":[{"embeddable":true,"href":"https:\/\/www.toque-musicall.com\/index.php?rest_route=%2Fwp%2Fv2%2Fcomments&post=1009"}],"version-history":[{"count":0,"href":"https:\/\/www.toque-musicall.com\/index.php?rest_route=\/wp\/v2\/posts\/1009\/revisions"}],"wp:attachment":[{"href":"https:\/\/www.toque-musicall.com\/index.php?rest_route=%2Fwp%2Fv2%2Fmedia&parent=1009"}],"wp:term":[{"taxonomy":"category","embeddable":true,"href":"https:\/\/www.toque-musicall.com\/index.php?rest_route=%2Fwp%2Fv2%2Fcategories&post=1009"},{"taxonomy":"post_tag","embeddable":true,"href":"https:\/\/www.toque-musicall.com\/index.php?rest_route=%2Fwp%2Fv2%2Ftags&post=1009"}],"curies":[{"name":"wp","href":"https:\/\/api.w.org\/{rel}","templated":true}]}}