{"id":101,"date":"2012-04-01T18:46:00","date_gmt":"2012-04-01T18:46:00","guid":{"rendered":"http:\/\/www.toque-musicall.com\/?p=101"},"modified":"2012-04-01T18:46:00","modified_gmt":"2012-04-01T18:46:00","slug":"os-bambas-o-melhor-em-samba-1969","status":"publish","type":"post","link":"https:\/\/www.toque-musicall.com\/?p=101","title":{"rendered":"Os Bambas &#8211; O Melhor Em Samba (1969)"},"content":{"rendered":"<p><a href=\"http:\/\/2.bp.blogspot.com\/-sicmUsWV_ZA\/T3ijF4-QYnI\/AAAAAAAABYQ\/KuWZUxML7xY\/s1600\/capa+OS+BAMBASp.JPG\"><img decoding=\"async\" alt=\"\" border=\"0\" id=\"BLOGGER_PHOTO_ID_5726506247789765234\" src=\"http:\/\/2.bp.blogspot.com\/-sicmUsWV_ZA\/T3ijF4-QYnI\/AAAAAAAABYQ\/KuWZUxML7xY\/s400\/capa+OS+BAMBASp.JPG\" style=\"cursor: hand; display: block; height: 388px; margin: 0px auto 10px; text-align: center; width: 400px;\" \/><\/a><a href=\"http:\/\/2.bp.blogspot.com\/-2VMwXv6lhXU\/T3ii_dl-k7I\/AAAAAAAABYE\/iH7EWDjbLzs\/s1600\/contracapaP.JPG\"><img decoding=\"async\" alt=\"\" border=\"0\" id=\"BLOGGER_PHOTO_ID_5726506137360962482\" src=\"http:\/\/2.bp.blogspot.com\/-2VMwXv6lhXU\/T3ii_dl-k7I\/AAAAAAAABYE\/iH7EWDjbLzs\/s400\/contracapaP.JPG\" style=\"cursor: hand; display: block; height: 398px; margin: 0px auto 10px; text-align: center; width: 400px;\" \/><\/a>Boa tarde, amigos cultos, ocultos e associados! Trago hoje uma triste not\u00edcia para todos. Infelizmente esta ser\u00e1 a nossa \u00faltima postagem. O Toque Musical d\u00e1 por encerrada as suas atividades, sendo esta a \u00faltima que farei. Na segunda feira o blog ser\u00e1 retirado da rede, atendendo assim as reivindica\u00e7\u00f5es das gravadoras, editoras e empresas estrangeiras, respons\u00e1veis pelos direitos autorais de toda a fonografia brasileira. Toda a m\u00fasica brasileira, inclusive os discos raros, fora de cat\u00e1logo e tudo o que j\u00e1 foi postado aqui, ser\u00e3o agora oferecidos gratuitamente pelo iTunes. Esses discos ser\u00e3o novamente relan\u00e7ados, no formato vinil e cd e estar\u00e3o \u00e0 venda a partir da segunda quinzena de abril. Pelas informa\u00e7\u00f5es, esses relan\u00e7amentos ser\u00e3o vendidos por pre\u00e7os de banana, numa faixa m\u00e9dia de 5 reais. Diante a tudo isso, realmente, n\u00e3o faz mais sentido ficar mantendo um blog como o Toque Musical. Fica aqui ent\u00e3o a minha despedida. Ao ritmo do samba a gente vai chegando \u00e0 &#8216;apoteose&#8217;. Valeu demais! <\/p>\n<div>Xiii&#8230; t\u00f4 vendo aqui que tem n\u00eago j\u00e1 com taquicardia, desesperado com essa not\u00edcia. Hehehe&#8230; calma gente, \u00e9 uma pegadinha, hoje \u00e9 primeiro de abril \ud83d\ude42 Tudo mentira, hehehe&#8230;<\/div>\n<div>De verdade aqui \u00e9 s\u00f3 o samba, o disco deste domingo. <\/div>\n<p>Tenho aqui para voc\u00eas mais uma produ\u00e7\u00e3o da CBS, no final dos anos 60, atrav\u00e9s de seu selo Okeh, &#8220;O melhor em samba com Os Bambas&#8221;. Quem foram esses &#8216;bambas&#8217; eu n\u00e3o saberei dizer. Tenho para mim, que &#8220;Os Bambas&#8221; foi apenas um nome fict\u00edcio, criado pelos produtores da CBS no int\u00faito de poder lan\u00e7ar discos com m\u00fasicas e artistas que n\u00e3o faziam parte de seu &#8216;cast&#8217;. Este era mais um dos muitos artif\u00edcios usados pelas gravadoras para burlar direitos (aparentemente exclusivos). Os Bambas, da CBS, lan\u00e7aram diversos discos ao logo dos anos. \u00c9 bem prov\u00e1vel que os m\u00fasicos que tocam neste lp n\u00e3o sejam os mesmos de outros volumes. N\u00e3o h\u00e1 cr\u00e9ditos, nem nomes. Tudo feito com um int\u00faito puramente comercial. Mas nem por isso deixa de ser interessante e tem l\u00e1 as suas qualidades. H\u00e1 discos, m\u00fasicas e artistas que s\u00e3o como vinho. Com o passar do tempo, alguns ficam cada vez melhores, outros se tornam vinagre. Mas todo vinagre tem seu dia de salada. Se for esse o caso, o prato frio est\u00e1 \u00f3timo. Eu n\u00e3o tenho nada a reclamar \ud83d\ude42<\/p>\n<div style=\"text-align: center;\">levanta a cabe\u00e7a<\/div>\n<div style=\"text-align: center;\">t\u00e1 tudo a\u00ed<\/div>\n<div style=\"text-align: center;\">bloco do sujo<\/div>\n<div style=\"text-align: center;\">casa de bamba<\/div>\n<div style=\"text-align: center;\">maria chora<\/div>\n<div style=\"text-align: center;\">n\u00e3o posso parar<\/div>\n<div style=\"text-align: center;\">pot pourri:<\/div>\n<div style=\"text-align: center;\">z\u00e9 marmita<\/div>\n<div style=\"text-align: center;\">tumba l\u00ea l\u00ea<\/div>\n<div style=\"text-align: center;\">levanta mangueira<\/div>\n<div style=\"text-align: center;\">araruta tem seu dia<\/div>\n<div style=\"text-align: center;\">madureira chorou<\/div>\n<p><\/p>\n<div style=\"text-align: center;\"><\/div>\n<div><\/p>\n<div style=\"text-align: center;\"><\/div>\n<\/div>\n","protected":false},"excerpt":{"rendered":"<p>Boa tarde, amigos cultos, ocultos e associados! Trago hoje uma triste not\u00edcia para todos. Infelizmente esta ser\u00e1 a nossa \u00faltima postagem. O Toque Musical d\u00e1 por encerrada as suas atividades, sendo esta a \u00faltima que farei. Na segunda feira o &hellip; <a href=\"https:\/\/www.toque-musicall.com\/?p=101\">Continue lendo <span class=\"meta-nav\">&rarr;<\/span><\/a><\/p>\n","protected":false},"author":1,"featured_media":0,"comment_status":"open","ping_status":"closed","sticky":false,"template":"","format":"standard","meta":{"footnotes":""},"categories":[187,186],"tags":[],"class_list":["post-101","post","type-post","status-publish","format-standard","hentry","category-os-bambas","category-selo-okeh"],"_links":{"self":[{"href":"https:\/\/www.toque-musicall.com\/index.php?rest_route=\/wp\/v2\/posts\/101","targetHints":{"allow":["GET"]}}],"collection":[{"href":"https:\/\/www.toque-musicall.com\/index.php?rest_route=\/wp\/v2\/posts"}],"about":[{"href":"https:\/\/www.toque-musicall.com\/index.php?rest_route=\/wp\/v2\/types\/post"}],"author":[{"embeddable":true,"href":"https:\/\/www.toque-musicall.com\/index.php?rest_route=\/wp\/v2\/users\/1"}],"replies":[{"embeddable":true,"href":"https:\/\/www.toque-musicall.com\/index.php?rest_route=%2Fwp%2Fv2%2Fcomments&post=101"}],"version-history":[{"count":0,"href":"https:\/\/www.toque-musicall.com\/index.php?rest_route=\/wp\/v2\/posts\/101\/revisions"}],"wp:attachment":[{"href":"https:\/\/www.toque-musicall.com\/index.php?rest_route=%2Fwp%2Fv2%2Fmedia&parent=101"}],"wp:term":[{"taxonomy":"category","embeddable":true,"href":"https:\/\/www.toque-musicall.com\/index.php?rest_route=%2Fwp%2Fv2%2Fcategories&post=101"},{"taxonomy":"post_tag","embeddable":true,"href":"https:\/\/www.toque-musicall.com\/index.php?rest_route=%2Fwp%2Fv2%2Ftags&post=101"}],"curies":[{"name":"wp","href":"https:\/\/api.w.org\/{rel}","templated":true}]}}