{"id":1011,"date":"2009-11-26T10:29:00","date_gmt":"2009-11-26T10:29:00","guid":{"rendered":"http:\/\/www.toque-musicall.com\/?p=1011"},"modified":"2009-11-26T10:29:00","modified_gmt":"2009-11-26T10:29:00","slug":"pepe-castro-neves-coracao-vulgar-1979","status":"publish","type":"post","link":"https:\/\/www.toque-musicall.com\/?p=1011","title":{"rendered":"Pepe Castro Neves &#8211; Cora\u00e7\u00e3o Vulgar (1979)"},"content":{"rendered":"<p><a href=\"http:\/\/1.bp.blogspot.com\/_DSKVEvHtskc\/Sw5YyRHbHfI\/AAAAAAAAFrs\/TJ6impfBzBU\/s1600\/pepe+castro+neves+-+cora%C3%A7%C3%A3o+vulgar+P.JPG\"><img decoding=\"async\" style=\"display:block; margin:0px auto 10px; text-align:center;cursor:pointer; cursor:hand;width: 399px; height: 400px;\" src=\"http:\/\/1.bp.blogspot.com\/_DSKVEvHtskc\/Sw5YyRHbHfI\/AAAAAAAAFrs\/TJ6impfBzBU\/s400\/pepe+castro+neves+-+cora%C3%A7%C3%A3o+vulgar+P.JPG\" border=\"0\" alt=\"\" id=\"BLOGGER_PHOTO_ID_5408357823129787890\" \/><\/a>Bom dia, amigos cultos e ocultos. Estou chegando a conclus\u00e3o de que todos os discos que tenho dispon\u00edvel e que penso em postar, de uma forma ou de outra j\u00e1 foram postados por algum outro blog. N\u00e3o sei se o n\u00famero de blogs aumentou ou se os discos mais comuns est\u00e3o chegando ao fim. O fato \u00e9 que as coisas se repetem. Se por um lado isso d\u00e1 ao disco mais visibilidade, por outro se torna desanimador para quem posta. Estou vendo que preciso sair do senso e do gosto comum, voltar \u00e0s origens. Por enquanto, vamos cozinhando o tradicional j\u00e1 que o estoque ainda guarda muita digitaliza\u00e7\u00e3o e horas trabalhadas.<\/p>\n<div>Hoje o dia \u00e9 do independente e trago para voc\u00eas o \u00e1lbum &#8220;Cora\u00e7\u00e3o Vulgar&#8221; de Pedro Paulo Castro Neves, o Pepe, da musical fam\u00edlia Castro Neves. Pepe \u00e9 um cantor talentoso, o ca\u00e7ula da fam\u00edlia que aprendeu tudo ouvindo os im\u00e3os mais velhos e seus ilustres amigos visitantes. Segundo o texto do encarte, aos 20 anos estudava m\u00fasica e tentava uma oportunidade como programador da R\u00e1dio Jornal do Brasil. Trabalhou com Egberto Gismonti fazendo parte do coro em alguns dos seus discos e em v\u00e1rios concertos entre os anos de 72 e 74. Atrav\u00e9s de Gismonti, Pepe conheceu o franc\u00eas Michel Legrand com quem chegou a gravar um disco. Foi morar na Fran\u00e7a onde cantou e estudou com Bruno Wyzui. Lan\u00e7ou este disco, seu primeiro \u00e1lbum individual, em 1976 por um selo independente. Montou um repert\u00f3rio dos mais interessantes com m\u00fasicas de Ivan Lins, Egberto Gismonti, Toninho Horta, S\u00e1 &#038; Guarabyra, Nelson Cavaquinho e outros. N\u00e3o bastasse o &#8216;menu&#8217;, contou com a participa\u00e7\u00e3o de gente tarimbada, m\u00fasicos como Wagner Tiso, Robertinho Silva, Luiz Alves, Mauro Senise e outros. O resultado n\u00e3o podia ser outro, um belo disco! T\u00e1 duvidando? Confira ent\u00e3o&#8230;<\/div>\n<div><\/div>\n<div style=\"text-align: center;\">cora\u00e7\u00e3o vulgar (voc\u00ea vai pagar)<\/div>\n<div style=\"text-align: center;\">bailarinha<\/div>\n<div style=\"text-align: center;\">luto<\/div>\n<div style=\"text-align: center;\">pedar da lua<\/div>\n<div style=\"text-align: center;\">segredo quebrado<\/div>\n<div style=\"text-align: center;\">calma <\/div>\n<div style=\"text-align: center;\">se <\/div>\n<div style=\"text-align: center;\">passarinho<\/div>\n<div style=\"text-align: center;\">m\u00fasicos da noite<\/div>\n<div style=\"text-align: center;\"><\/div>\n<div style=\"text-align: center;\"><\/div>\n","protected":false},"excerpt":{"rendered":"<p>Bom dia, amigos cultos e ocultos. Estou chegando a conclus\u00e3o de que todos os discos que tenho dispon\u00edvel e que penso em postar, de uma forma ou de outra j\u00e1 foram postados por algum outro blog. N\u00e3o sei se o &hellip; <a href=\"https:\/\/www.toque-musicall.com\/?p=1011\">Continue lendo <span class=\"meta-nav\">&rarr;<\/span><\/a><\/p>\n","protected":false},"author":1,"featured_media":0,"comment_status":"open","ping_status":"closed","sticky":false,"template":"","format":"standard","meta":{"footnotes":""},"categories":[1299],"tags":[],"class_list":["post-1011","post","type-post","status-publish","format-standard","hentry","category-pepe-castro-neves"],"_links":{"self":[{"href":"https:\/\/www.toque-musicall.com\/index.php?rest_route=\/wp\/v2\/posts\/1011","targetHints":{"allow":["GET"]}}],"collection":[{"href":"https:\/\/www.toque-musicall.com\/index.php?rest_route=\/wp\/v2\/posts"}],"about":[{"href":"https:\/\/www.toque-musicall.com\/index.php?rest_route=\/wp\/v2\/types\/post"}],"author":[{"embeddable":true,"href":"https:\/\/www.toque-musicall.com\/index.php?rest_route=\/wp\/v2\/users\/1"}],"replies":[{"embeddable":true,"href":"https:\/\/www.toque-musicall.com\/index.php?rest_route=%2Fwp%2Fv2%2Fcomments&post=1011"}],"version-history":[{"count":0,"href":"https:\/\/www.toque-musicall.com\/index.php?rest_route=\/wp\/v2\/posts\/1011\/revisions"}],"wp:attachment":[{"href":"https:\/\/www.toque-musicall.com\/index.php?rest_route=%2Fwp%2Fv2%2Fmedia&parent=1011"}],"wp:term":[{"taxonomy":"category","embeddable":true,"href":"https:\/\/www.toque-musicall.com\/index.php?rest_route=%2Fwp%2Fv2%2Fcategories&post=1011"},{"taxonomy":"post_tag","embeddable":true,"href":"https:\/\/www.toque-musicall.com\/index.php?rest_route=%2Fwp%2Fv2%2Ftags&post=1011"}],"curies":[{"name":"wp","href":"https:\/\/api.w.org\/{rel}","templated":true}]}}