{"id":10131,"date":"2024-01-04T17:28:17","date_gmt":"2024-01-04T20:28:17","guid":{"rendered":"https:\/\/www.toque-musicall.com\/?p=10131"},"modified":"2024-01-04T17:30:02","modified_gmt":"2024-01-04T20:30:02","slug":"grupo-estrada-1981","status":"publish","type":"post","link":"https:\/\/www.toque-musicall.com\/?p=10131","title":{"rendered":"Grupo Estrada (1981)"},"content":{"rendered":"\n<figure class=\"wp-block-image size-large\"><img decoding=\"async\" src=\"https:\/\/blogger.googleusercontent.com\/img\/b\/R29vZ2xl\/AVvXsEgWnpiY7PIkLRqKmAa33jrz0Y1GuheiS3J4XctC7lw9O20axY-GuhOlS6gGD-J9WNWOvqMECH4k7yM4XoEzmSQ0G-AikyO689bQGG6AiG_F6AGgt4oHv3g3lOufzuS4htcZHGfkq4w4q4GQOazNpepaW-DEOU6i4H32xxuZeWpyVocW9NFFCuQEugriTA3o\/w634-h640\/Capturar.JPG\" alt=\"\"\/><\/figure>\n\n\n\n<figure class=\"wp-block-image size-large\"><img decoding=\"async\" src=\"https:\/\/blogger.googleusercontent.com\/img\/b\/R29vZ2xl\/AVvXsEgrmFtgxfZlscryfU774fdx95rbpxCzau6-XRkc_5ZHdC7XAOle9HVf8XHbYatEPoXcjDce2dGS8TWVSExibobLNeSIsPsR6IH43R6iTPT7jltWx7uKHtrFzJXUpL_Swm_CARDkAXonfPyrZzKmghHPPFR-4iDZ6BioNS3mbjye4lzBrZtowgwL6gh5F2Fl\/w640-h638\/Capturarb.JPG\" alt=\"\"\/><\/figure>\n\n\n<div class=\"separator\">Nossa postagem de hoje traz este disquinho compacto, lan\u00e7ado de forma independente aqui nas Minas Gerais. Trata-se do Grupo Estrada, conjunto formado nos anos 80 e ao que sei, s\u00f3 chegaram a lan\u00e7ar este compacto simples, gravado na Bemol, em 1981. Segundo algumas informa\u00e7\u00f5es colhidas em um site sobre um dos membros do grupo, S\u00e9rgio Seidel, este conjunto ganhou alguma proje\u00e7\u00e3o quando se apresentou em programas de televis\u00e3o como o &#8220;Viola Minha Viola&#8221; e o &#8220;Som Brasil&#8221;. Tamb\u00e9m acompanharam o cantor e compositor Z\u00e9 Geraldo bom um bom tempo. S\u00e9rgio Seidel tamb\u00e9m foi empres\u00e1rio de Z\u00e9 Geraldo e parceiro na m\u00fasica &#8220;Caminhos de Minas&#8221; e &#8216;Quatro cantos da saudade&#8221;, lan\u00e7adas no disco do Z\u00e9, em 1983.<\/div>\n<div class=\"separator\">Aqui temos um aut\u00eantico grupo musical mineiro, com todas aquelas caracter\u00edsticas da m\u00fasica que se fazia por aqui naqueles anos 80. Disquinho bacana que em outros tempos talvez fosse um &#8216;debut&#8217; para um lp. Hoje \u00e9 uma raridade, pois se trata de uma edi\u00e7\u00e3o independente e limitada.\u00a0<\/div>\n<div class=\"separator\">\u00a0<\/div>\n<div class=\"separator\">asas cortadas (crian\u00e7as)<\/div>\n<div class=\"separator\">esses homens<\/div>\n<div class=\"separator\">\u00a0<\/div>\n<div class=\"separator\">.<\/div>","protected":false},"excerpt":{"rendered":"<p>Nossa postagem de hoje traz este disquinho compacto, lan\u00e7ado de forma independente aqui nas Minas Gerais. Trata-se do Grupo Estrada, conjunto formado nos anos 80 e ao que sei, s\u00f3 chegaram a lan\u00e7ar este compacto simples, gravado na Bemol, em &hellip; <a href=\"https:\/\/www.toque-musicall.com\/?p=10131\">Continue lendo <span class=\"meta-nav\">&rarr;<\/span><\/a><\/p>\n","protected":false},"author":1,"featured_media":0,"comment_status":"closed","ping_status":"closed","sticky":false,"template":"","format":"standard","meta":{"footnotes":""},"categories":[1],"tags":[3072,5521,3017,5522],"class_list":["post-10131","post","type-post","status-publish","format-standard","hentry","category-sem-categoria","tag-compactos","tag-grupo-estrada","tag-selo-independente","tag-selo-uai"],"_links":{"self":[{"href":"https:\/\/www.toque-musicall.com\/index.php?rest_route=\/wp\/v2\/posts\/10131","targetHints":{"allow":["GET"]}}],"collection":[{"href":"https:\/\/www.toque-musicall.com\/index.php?rest_route=\/wp\/v2\/posts"}],"about":[{"href":"https:\/\/www.toque-musicall.com\/index.php?rest_route=\/wp\/v2\/types\/post"}],"author":[{"embeddable":true,"href":"https:\/\/www.toque-musicall.com\/index.php?rest_route=\/wp\/v2\/users\/1"}],"replies":[{"embeddable":true,"href":"https:\/\/www.toque-musicall.com\/index.php?rest_route=%2Fwp%2Fv2%2Fcomments&post=10131"}],"version-history":[{"count":2,"href":"https:\/\/www.toque-musicall.com\/index.php?rest_route=\/wp\/v2\/posts\/10131\/revisions"}],"predecessor-version":[{"id":10133,"href":"https:\/\/www.toque-musicall.com\/index.php?rest_route=\/wp\/v2\/posts\/10131\/revisions\/10133"}],"wp:attachment":[{"href":"https:\/\/www.toque-musicall.com\/index.php?rest_route=%2Fwp%2Fv2%2Fmedia&parent=10131"}],"wp:term":[{"taxonomy":"category","embeddable":true,"href":"https:\/\/www.toque-musicall.com\/index.php?rest_route=%2Fwp%2Fv2%2Fcategories&post=10131"},{"taxonomy":"post_tag","embeddable":true,"href":"https:\/\/www.toque-musicall.com\/index.php?rest_route=%2Fwp%2Fv2%2Ftags&post=10131"}],"curies":[{"name":"wp","href":"https:\/\/api.w.org\/{rel}","templated":true}]}}