{"id":10152,"date":"2024-01-10T12:27:55","date_gmt":"2024-01-10T15:27:55","guid":{"rendered":"https:\/\/www.toque-musicall.com\/?p=10152"},"modified":"2024-01-10T17:52:28","modified_gmt":"2024-01-10T20:52:28","slug":"wagner-compacto-1968","status":"publish","type":"post","link":"https:\/\/www.toque-musicall.com\/?p=10152","title":{"rendered":"Wagner &#8211; Compacto (1968)"},"content":{"rendered":"\n<figure class=\"wp-block-image size-large\"><img decoding=\"async\" src=\"https:\/\/blogger.googleusercontent.com\/img\/b\/R29vZ2xl\/AVvXsEjkIjYXCOSujzXwCb-eoFJIpWNkhpsLWGT1BnSCL2VojavCgqcFx-SaGpVKcr3Cj1mPrlHB_vced58UEf4inB1MKHdO7RZbjqssngUkqGe3ka36ecvBW4xE3-zLOs0YbmZAATkTpWUNCDAa5vKhqsR9WiYlGXfxAs1sUk5pFtlSNh2lxhf8sntNeJC9LSFb\/w640-h618\/Capturar.JPG\" alt=\"\"\/><\/figure>\n\n\n\n<figure class=\"wp-block-image size-large\"><img decoding=\"async\" src=\"https:\/\/blogger.googleusercontent.com\/img\/b\/R29vZ2xl\/AVvXsEhuqkH_QUxa4QJZqRZ2BzRZMUI3gBTTyIZtC5W3pNgetB69m9FutBE9Lu0egchbw4DbAVXM00AKWT5xBGGpHHw0w-AUNc05H0GiOeEeFoThrkxQ-6LRKLrnswNyL4hmgtLSwWXK00gGF4rOdaMF44UrgcVdUrDlYQC6bCjAzDvmf4oHmDj69aVqaMmy_Q5Y\/w640-h636\/Capturarb.JPG\" alt=\"\"\/><\/figure>\n\n\n<div class=\"separator\">\n<div class=\"separator\">Mais uma curiosidade em compactos para a alegria de voc\u00eas. Como sabemos, esses disquinhos de 7 polegadas foram criados para lan\u00e7arem pelas gravadoras um determinado artista, uma pequena amostra musical do que poderia vir a ser um &#8216;long play&#8217;. Conforme a aceita\u00e7\u00e3o das m\u00fasicas no compacto, este viria a se tornar um lp. Muitos artistas e projetos acabaram ficando mesmo, apenas no compacto. Isso, \u00f3bvio, me refiro a ind\u00fastria fonogr\u00e1fica musical, as grandes gravadoras e selos. Os discos compactos tamb\u00e9m atenderiam a outras fun\u00e7\u00f5es de \u00e1udio, num tempo em que esse mundo ainda era anal\u00f3gico (cursos de l\u00ednguas, poesias, propagandas, experimentos sonoros alternativos, registros pessoais e inclusive produ\u00e7\u00f5es musicais independentes)<\/div>\n<div class=\"separator\">Aqui, por exemplo, temos este compacto simples lan\u00e7ado pela RCA Victor, em 1968, trazendo Wagner, um cantor rom\u00e2ntico da Jovem Guarda, ao estilo de Wanderley Cardoso. At\u00e9 procuramos informa\u00e7\u00f5es sobre o artista, mas apenas por este nome t\u00e3o gen\u00e9rico, ou mesmo associando ao nome das m\u00fasicas, n\u00e3o foram suficiente&#8230; Da\u00ed, s\u00f3 nos resta postar e aguardar algu\u00e9m que saiba quem foi este Wagner. Por hora, vamos apenas ouvir&#8230;<\/div>\n<div class=\"separator\">\u00a0<\/div>\n<div class=\"separator\">novo amor<\/div>\n<div class=\"separator\">voltei sorrindo<\/div>\n<\/div>\n<div class=\"separator\">\u00a0<\/div>\n<div class=\"separator\">.<\/div>","protected":false},"excerpt":{"rendered":"<p>Mais uma curiosidade em compactos para a alegria de voc\u00eas. Como sabemos, esses disquinhos de 7 polegadas foram criados para lan\u00e7arem pelas gravadoras um determinado artista, uma pequena amostra musical do que poderia vir a ser um &#8216;long play&#8217;. Conforme &hellip; <a href=\"https:\/\/www.toque-musicall.com\/?p=10152\">Continue lendo <span class=\"meta-nav\">&rarr;<\/span><\/a><\/p>\n","protected":false},"author":1,"featured_media":0,"comment_status":"closed","ping_status":"closed","sticky":false,"template":"","format":"standard","meta":{"footnotes":""},"categories":[1],"tags":[3072,3061,5529],"class_list":["post-10152","post","type-post","status-publish","format-standard","hentry","category-sem-categoria","tag-compactos","tag-selo-rca-victor","tag-wagner"],"_links":{"self":[{"href":"https:\/\/www.toque-musicall.com\/index.php?rest_route=\/wp\/v2\/posts\/10152","targetHints":{"allow":["GET"]}}],"collection":[{"href":"https:\/\/www.toque-musicall.com\/index.php?rest_route=\/wp\/v2\/posts"}],"about":[{"href":"https:\/\/www.toque-musicall.com\/index.php?rest_route=\/wp\/v2\/types\/post"}],"author":[{"embeddable":true,"href":"https:\/\/www.toque-musicall.com\/index.php?rest_route=\/wp\/v2\/users\/1"}],"replies":[{"embeddable":true,"href":"https:\/\/www.toque-musicall.com\/index.php?rest_route=%2Fwp%2Fv2%2Fcomments&post=10152"}],"version-history":[{"count":2,"href":"https:\/\/www.toque-musicall.com\/index.php?rest_route=\/wp\/v2\/posts\/10152\/revisions"}],"predecessor-version":[{"id":10154,"href":"https:\/\/www.toque-musicall.com\/index.php?rest_route=\/wp\/v2\/posts\/10152\/revisions\/10154"}],"wp:attachment":[{"href":"https:\/\/www.toque-musicall.com\/index.php?rest_route=%2Fwp%2Fv2%2Fmedia&parent=10152"}],"wp:term":[{"taxonomy":"category","embeddable":true,"href":"https:\/\/www.toque-musicall.com\/index.php?rest_route=%2Fwp%2Fv2%2Fcategories&post=10152"},{"taxonomy":"post_tag","embeddable":true,"href":"https:\/\/www.toque-musicall.com\/index.php?rest_route=%2Fwp%2Fv2%2Ftags&post=10152"}],"curies":[{"name":"wp","href":"https:\/\/api.w.org\/{rel}","templated":true}]}}