{"id":10156,"date":"2024-01-11T21:31:24","date_gmt":"2024-01-12T00:31:24","guid":{"rendered":"https:\/\/www.toque-musicall.com\/?p=10156"},"modified":"2024-01-12T21:34:07","modified_gmt":"2024-01-13T00:34:07","slug":"vic-barone-1968","status":"publish","type":"post","link":"https:\/\/www.toque-musicall.com\/?p=10156","title":{"rendered":"Vic Barone (1968)\u00a0"},"content":{"rendered":"\n<figure class=\"wp-block-image size-large\"><img decoding=\"async\" src=\"https:\/\/blogger.googleusercontent.com\/img\/b\/R29vZ2xl\/AVvXsEj_EOwunijhftWZZ8f1nRlLMBQmKls9PjfueLZN7wiN5mSt_XTQMMyESGOKVRr7PdLWaUeOkOKnOA3Jq2VCq9R8-3e-FoK2GU19JCSlb-99A_aZbWy5BEjDh3_x6bK3ecb1ZDlhpzWElnEEzB2_m6vYYlwk64NN_A71jr5On0M3wFtq6wfpOSzBhL1A8Rqh\/w640-h640\/Capturarf.JPG\" alt=\"\"\/><\/figure>\n\n\n\n<figure class=\"wp-block-image size-large\"><img decoding=\"async\" src=\"https:\/\/blogger.googleusercontent.com\/img\/b\/R29vZ2xl\/AVvXsEhHJ6hv53SqijWinlQVYDZ8VYdZ1Pi1UQMn70YQUekS2EdfAt2YT3GSIRgUqdko02_2T6U2OWkIfjPZ-oRTGHdX4FmjV3OIOfTx4AIqy7-Y4kLF9Ci_NePeEkJeD7kGgnv9dN4TG4gaY00wpCMi7PIMie6adPhmCXYGndPBRtU_Ts_gYaZmIWdO0YDZQc5g\/w640-h638\/Capturar.JPG\" alt=\"\"\/><\/figure>\n\n\n<div class=\"separator\">Seguimos hoje nossa mostra de compactos trazendo Vic Barone, um artista que eu acreditava que fosse mineiro, pois naqueles anos 60 ele participava de programas na antiga TV Itacolomi. Mas segundo informa\u00e7\u00f5es, Vic era paulista. Por\u00e9m foi morando em Belo Horizonte que ele iniciou sua carreira como cantor. Venceu um concurso nacional de novos talentos da Jovem Guarda, o que o levou ao primeiro disco, um compacto lan\u00e7ado em 1967. Voltou a gravar, desta vez pelo selo Beverly, onde aqui aparece neste compacto simples. Gravou ainda mais uns dois ou tr\u00eas compactos. Ele tamb\u00e9m aparece no lp da montagem nacional do musical &#8220;Jesus Cristo Super Star&#8221;. Ao longo desse tempo tamb\u00e9m fez teatro, televis\u00e3o e cinema. Curiosamente, n\u00e3o h\u00e1 muita informa\u00e7\u00e3o sobre este artista. Nem mesmo se ele ainda est\u00e1 vivo. Mais uma a\u00ed para a nossa se\u00e7\u00e3o de hist\u00f3rias incompletas&#8230;<\/div>\n<div class=\"separator\">\u00a0<\/div>\n<div class=\"separator\">nada mais<\/div>\n<div class=\"separator\">ela \u00e9 linda<\/div>\n<div class=\"separator\">\u00a0<\/div>\n<div class=\"separator\">\u00a0<\/div>\n<div class=\"separator\">.<\/div>\n<div class=\"separator\">\u00a0<\/div>","protected":false},"excerpt":{"rendered":"<p>Seguimos hoje nossa mostra de compactos trazendo Vic Barone, um artista que eu acreditava que fosse mineiro, pois naqueles anos 60 ele participava de programas na antiga TV Itacolomi. Mas segundo informa\u00e7\u00f5es, Vic era paulista. Por\u00e9m foi morando em Belo &hellip; <a href=\"https:\/\/www.toque-musicall.com\/?p=10156\">Continue lendo <span class=\"meta-nav\">&rarr;<\/span><\/a><\/p>\n","protected":false},"author":1,"featured_media":0,"comment_status":"closed","ping_status":"closed","sticky":false,"template":"","format":"standard","meta":{"footnotes":""},"categories":[1],"tags":[3072,3111,5530],"class_list":["post-10156","post","type-post","status-publish","format-standard","hentry","category-sem-categoria","tag-compactos","tag-selo-beverly","tag-vic-barone"],"_links":{"self":[{"href":"https:\/\/www.toque-musicall.com\/index.php?rest_route=\/wp\/v2\/posts\/10156","targetHints":{"allow":["GET"]}}],"collection":[{"href":"https:\/\/www.toque-musicall.com\/index.php?rest_route=\/wp\/v2\/posts"}],"about":[{"href":"https:\/\/www.toque-musicall.com\/index.php?rest_route=\/wp\/v2\/types\/post"}],"author":[{"embeddable":true,"href":"https:\/\/www.toque-musicall.com\/index.php?rest_route=\/wp\/v2\/users\/1"}],"replies":[{"embeddable":true,"href":"https:\/\/www.toque-musicall.com\/index.php?rest_route=%2Fwp%2Fv2%2Fcomments&post=10156"}],"version-history":[{"count":1,"href":"https:\/\/www.toque-musicall.com\/index.php?rest_route=\/wp\/v2\/posts\/10156\/revisions"}],"predecessor-version":[{"id":10157,"href":"https:\/\/www.toque-musicall.com\/index.php?rest_route=\/wp\/v2\/posts\/10156\/revisions\/10157"}],"wp:attachment":[{"href":"https:\/\/www.toque-musicall.com\/index.php?rest_route=%2Fwp%2Fv2%2Fmedia&parent=10156"}],"wp:term":[{"taxonomy":"category","embeddable":true,"href":"https:\/\/www.toque-musicall.com\/index.php?rest_route=%2Fwp%2Fv2%2Fcategories&post=10156"},{"taxonomy":"post_tag","embeddable":true,"href":"https:\/\/www.toque-musicall.com\/index.php?rest_route=%2Fwp%2Fv2%2Ftags&post=10156"}],"curies":[{"name":"wp","href":"https:\/\/api.w.org\/{rel}","templated":true}]}}