{"id":10158,"date":"2024-01-12T14:33:57","date_gmt":"2024-01-12T17:33:57","guid":{"rendered":"https:\/\/www.toque-musicall.com\/?p=10158"},"modified":"2024-01-13T14:35:54","modified_gmt":"2024-01-13T17:35:54","slug":"tom-jerry-1967","status":"publish","type":"post","link":"https:\/\/www.toque-musicall.com\/?p=10158","title":{"rendered":"Tom &amp; Jerry (1967)"},"content":{"rendered":"\n<figure class=\"wp-block-image size-large\"><img decoding=\"async\" src=\"https:\/\/blogger.googleusercontent.com\/img\/b\/R29vZ2xl\/AVvXsEhBWsjdJM0lIEGc42T8gqiFh8ZNWdxdNBK6xx7lA9l4VSpecuFvkXZN_SmtxcZjlf-dIvvtCYLqm0RzIKOpAYJ_XG4vhzL2QABdYyAGTMHiQXYsHRRxxi2d6h8E-FchR_m111fLD0XVJ2S7tUfN9HCGbHTSS2zoONU3_a_A840SsLwEsJvDSQV7FUMM5hLt\/w628-h640\/Capturarf.JPG\" alt=\"\"\/><\/figure>\n\n\n\n<figure class=\"wp-block-image size-large\"><img decoding=\"async\" src=\"https:\/\/blogger.googleusercontent.com\/img\/b\/R29vZ2xl\/AVvXsEgp3zjkfFvTdMdFPSasuBO1a8vhpFbNiG11TvO_ljl3o9PSmZoYSaVB62g8leVF2Xcnm_Gf6k95xCKUs42ygT6jQuMrzo1iNFQCDR_v7jOaQA374fWLjInWm7Cx3syTTQBp1G67HFCr4Mbdx-WdjKtb97tKhJIjxZM0q_ntbT-hlS6o6_SamGsXcxwEYq-o\/w632-h640\/Capturarb.JPG\" alt=\"\"\/><\/figure>\n\n\n<div class=\"separator\">Olha a\u00ed mais um disquinho de sete polegadas para conhecer, reconhecer e relembrar. Entre os mais diversos grupos de m\u00fasica jovem daqueles anos 60, aqui temos mais um, eternizado neste compacto que agora apresentamos. Tom &amp; Jerry, dupla que pelo que visto e ouvido, s\u00f3 gravou este disquinho, pela RCA Victor. Com produ\u00e7\u00e3o de Ramalho Neto e dire\u00e7\u00e3o art\u00edstica de Fred Jorge, a dupla se destaca entre outras do g\u00eanero, mas tamb\u00e9m como essas, n\u00e3o passaram das &#8216;jukebox&#8217; daqueles tempos. Na contracapa, como se pode ver, h\u00e1 um texto de apresenta\u00e7\u00e3o da dupla. Disquinho legal, podem conferir&#8230;<\/div>\n<div class=\"separator\">\u00a0<\/div>\n<div class=\"separator\">d\u00e9cimo andar (ten story high)<\/div>\n<div class=\"separator\">eu preciso encontrar<\/div>\n<div class=\"separator\">\u00a0<\/div>\n<div class=\"separator\">\u00a0<\/div>\n<div class=\"separator\">.<\/div>","protected":false},"excerpt":{"rendered":"<p>Olha a\u00ed mais um disquinho de sete polegadas para conhecer, reconhecer e relembrar. Entre os mais diversos grupos de m\u00fasica jovem daqueles anos 60, aqui temos mais um, eternizado neste compacto que agora apresentamos. Tom &amp; Jerry, dupla que pelo &hellip; <a href=\"https:\/\/www.toque-musicall.com\/?p=10158\">Continue lendo <span class=\"meta-nav\">&rarr;<\/span><\/a><\/p>\n","protected":false},"author":1,"featured_media":0,"comment_status":"closed","ping_status":"closed","sticky":false,"template":"","format":"standard","meta":{"footnotes":""},"categories":[1],"tags":[3072,3061,5531],"class_list":["post-10158","post","type-post","status-publish","format-standard","hentry","category-sem-categoria","tag-compactos","tag-selo-rca-victor","tag-tom-jerry"],"_links":{"self":[{"href":"https:\/\/www.toque-musicall.com\/index.php?rest_route=\/wp\/v2\/posts\/10158","targetHints":{"allow":["GET"]}}],"collection":[{"href":"https:\/\/www.toque-musicall.com\/index.php?rest_route=\/wp\/v2\/posts"}],"about":[{"href":"https:\/\/www.toque-musicall.com\/index.php?rest_route=\/wp\/v2\/types\/post"}],"author":[{"embeddable":true,"href":"https:\/\/www.toque-musicall.com\/index.php?rest_route=\/wp\/v2\/users\/1"}],"replies":[{"embeddable":true,"href":"https:\/\/www.toque-musicall.com\/index.php?rest_route=%2Fwp%2Fv2%2Fcomments&post=10158"}],"version-history":[{"count":1,"href":"https:\/\/www.toque-musicall.com\/index.php?rest_route=\/wp\/v2\/posts\/10158\/revisions"}],"predecessor-version":[{"id":10159,"href":"https:\/\/www.toque-musicall.com\/index.php?rest_route=\/wp\/v2\/posts\/10158\/revisions\/10159"}],"wp:attachment":[{"href":"https:\/\/www.toque-musicall.com\/index.php?rest_route=%2Fwp%2Fv2%2Fmedia&parent=10158"}],"wp:term":[{"taxonomy":"category","embeddable":true,"href":"https:\/\/www.toque-musicall.com\/index.php?rest_route=%2Fwp%2Fv2%2Fcategories&post=10158"},{"taxonomy":"post_tag","embeddable":true,"href":"https:\/\/www.toque-musicall.com\/index.php?rest_route=%2Fwp%2Fv2%2Ftags&post=10158"}],"curies":[{"name":"wp","href":"https:\/\/api.w.org\/{rel}","templated":true}]}}