{"id":10160,"date":"2024-01-13T15:42:36","date_gmt":"2024-01-13T18:42:36","guid":{"rendered":"https:\/\/www.toque-musicall.com\/?p=10160"},"modified":"2024-01-13T15:42:36","modified_gmt":"2024-01-13T18:42:36","slug":"sissi-1968","status":"publish","type":"post","link":"https:\/\/www.toque-musicall.com\/?p=10160","title":{"rendered":"Sissi (1968)"},"content":{"rendered":"\n<figure class=\"wp-block-image size-large\"><img decoding=\"async\" src=\"https:\/\/blogger.googleusercontent.com\/img\/b\/R29vZ2xl\/AVvXsEifRrXSVvPOLA28fHhaXKf4zEAEAzfZqMV4JisbPcLslS-IO15P07_Jn8NS8TXrwCDt1BDCY0EFBJr6SI5i6mEh_BxYE4qTfxAve1v3DY3dS76c9G2nwn3DAHYeWo4hIGGo8NH5ltyKYmHaIOsY_kB_d2Nrx7fVkxV53G5OuEPeoqfXf5NCtlw3fgf_08TY\/w638-h640\/Capturar.JPG\" alt=\"\"\/><\/figure>\n\n\n\n<figure class=\"wp-block-image size-large\"><img decoding=\"async\" src=\"https:\/\/blogger.googleusercontent.com\/img\/b\/R29vZ2xl\/AVvXsEirSFkT8hSDwxdiIdFZeFtelylJc4m5PGcN_xpRhghHLKYhuBRKCo4gFBSZ9KtKpNZAZEqT7rJtHZICfM9bEiLUW7Wrq3eteamO7WqD7ZhplOw7_JqAJpkU2JnitNwOmo6eDu1U4xb_ymv72bhhyphenhyphenAb9xlHtprrZuORoSZM5WbxOtAm1hyphenhyphenwoAWPypHWNOnem\/w640-h636\/Capturarb.JPG\" alt=\"\"\/><\/figure>\n\n\n<div class=\"separator\">Olha a\u00ed, mais obscuro objeto de desejo dos colecionadores e apaixonados pela Jovem Guarda. Aqui temos Sissi, artista que eu tamb\u00e9m n\u00e3o me recordo e ao ouvir o disquinho tive a impress\u00e3o que fosse a cantora Silvinha, mas em nenhum momento h\u00e1 referencias sobre isso na biografia da cantora. Por outra, n\u00e3o achei nenhuma informa\u00e7\u00e3o sobre esta cantora, Sissi. Mais um mist\u00e9rio do nosso mundinho fonogr\u00e1fico, aqui no Toque Musical. Enquanto n\u00e3o aparece mais informa\u00e7\u00f5es, vamos pelo menos ouvir o que a garota tem para a gente ouvir&#8230;<\/div>\n<div class=\"separator\">\u00a0<\/div>\n<div class=\"separator\">estou triste com voc\u00ea<\/div>\n<div class=\"separator\">meu \u00eddolo, meu amor<\/div>\n<div class=\"separator\">\u00a0<\/div>\n<div class=\"separator\">\u00a0<\/div>\n<div class=\"separator\">.<\/div>","protected":false},"excerpt":{"rendered":"<p>Olha a\u00ed, mais obscuro objeto de desejo dos colecionadores e apaixonados pela Jovem Guarda. Aqui temos Sissi, artista que eu tamb\u00e9m n\u00e3o me recordo e ao ouvir o disquinho tive a impress\u00e3o que fosse a cantora Silvinha, mas em nenhum &hellip; <a href=\"https:\/\/www.toque-musicall.com\/?p=10160\">Continue lendo <span class=\"meta-nav\">&rarr;<\/span><\/a><\/p>\n","protected":false},"author":1,"featured_media":0,"comment_status":"closed","ping_status":"closed","sticky":false,"template":"","format":"standard","meta":{"footnotes":""},"categories":[1],"tags":[3072,3061,5532],"class_list":["post-10160","post","type-post","status-publish","format-standard","hentry","category-sem-categoria","tag-compactos","tag-selo-rca-victor","tag-sissi"],"_links":{"self":[{"href":"https:\/\/www.toque-musicall.com\/index.php?rest_route=\/wp\/v2\/posts\/10160","targetHints":{"allow":["GET"]}}],"collection":[{"href":"https:\/\/www.toque-musicall.com\/index.php?rest_route=\/wp\/v2\/posts"}],"about":[{"href":"https:\/\/www.toque-musicall.com\/index.php?rest_route=\/wp\/v2\/types\/post"}],"author":[{"embeddable":true,"href":"https:\/\/www.toque-musicall.com\/index.php?rest_route=\/wp\/v2\/users\/1"}],"replies":[{"embeddable":true,"href":"https:\/\/www.toque-musicall.com\/index.php?rest_route=%2Fwp%2Fv2%2Fcomments&post=10160"}],"version-history":[{"count":1,"href":"https:\/\/www.toque-musicall.com\/index.php?rest_route=\/wp\/v2\/posts\/10160\/revisions"}],"predecessor-version":[{"id":10161,"href":"https:\/\/www.toque-musicall.com\/index.php?rest_route=\/wp\/v2\/posts\/10160\/revisions\/10161"}],"wp:attachment":[{"href":"https:\/\/www.toque-musicall.com\/index.php?rest_route=%2Fwp%2Fv2%2Fmedia&parent=10160"}],"wp:term":[{"taxonomy":"category","embeddable":true,"href":"https:\/\/www.toque-musicall.com\/index.php?rest_route=%2Fwp%2Fv2%2Fcategories&post=10160"},{"taxonomy":"post_tag","embeddable":true,"href":"https:\/\/www.toque-musicall.com\/index.php?rest_route=%2Fwp%2Fv2%2Ftags&post=10160"}],"curies":[{"name":"wp","href":"https:\/\/api.w.org\/{rel}","templated":true}]}}