{"id":10162,"date":"2024-01-14T15:12:23","date_gmt":"2024-01-14T18:12:23","guid":{"rendered":"https:\/\/www.toque-musicall.com\/?p=10162"},"modified":"2024-01-14T15:12:23","modified_gmt":"2024-01-14T18:12:23","slug":"teddy-milton-1964","status":"publish","type":"post","link":"https:\/\/www.toque-musicall.com\/?p=10162","title":{"rendered":"Teddy Milton (1964)"},"content":{"rendered":"\n<figure class=\"wp-block-image size-large\"><img decoding=\"async\" src=\"https:\/\/blogger.googleusercontent.com\/img\/b\/R29vZ2xl\/AVvXsEh0FOrkbZRfKaAha10FTUVQt6E7HHJ2E715Lt_zWVByjRwFj0kvO3MDtqNPGripYa9VEV1_jQcEvqIO3bSaf9yZ5zUFmyEECQML15NdzaMuUOZ77I8oWmXG1agdGUR4dBES5kXn4KzZ16kcU_rvULcis39LZBF-S6bXpCBFcclvDhMgZAoCsS3yPp139TR_\/w640-h634\/IMG_20230821_095934228.jpg\" alt=\"\"\/><\/figure>\n\n\n\n<figure class=\"wp-block-image size-large\"><img decoding=\"async\" src=\"https:\/\/blogger.googleusercontent.com\/img\/b\/R29vZ2xl\/AVvXsEjyUl84FSZDQqx8KHrBhtPySa-4wFD2sWsbw5pXFA4Ozdjr5zE8XsMiaIOGHwDbgH9nxDY4CdwSinHELeCyefFQ3OjaCqGmF8JuyqnzD2cnBAhdWIL_jzT-j2arpRF64Y7BUJiMfEiiN4SR8gCN-1KhVwAOE3DAEe_NWtnSZp7HO63OYGQ4_FGnQDzv5mUA\/w632-h640\/IMG_20230821_095956280.jpg\" alt=\"\"\/><\/figure>\n\n\n<p>Ol\u00e1, meus amigos&#8230; seguindo com mais um compacto. Desta vez trazendo o cantor Teddy Milton, representante da Jovem Guarda no interior paulista, vindo de Jundia\u00ed. Foi descoberto por Tony Campello, que tamb\u00e9m foi quem cunhou o nome art\u00edstico do cantor Milton da Cunha. Como tantos outros artistas da fase Jovem Guarda, ficou tamb\u00e9m s\u00f3 nos compactos, ao que se sabe, gravou ao longo da carreira uns cinco 7 polegadas at\u00e9 por volta dos anos 70. Este, ao que parece, foi seu segundo disco, lan\u00e7ado pela Odeon em 1964. Compacto simples, traz duas vers\u00f5es&#8230;<\/p>\n<div>meu broto (my bonnie)<\/div>\n<div>primeira estrela\u00a0 (first star)<\/div>\n<div>\u00a0<\/div>","protected":false},"excerpt":{"rendered":"<p>Ol\u00e1, meus amigos&#8230; seguindo com mais um compacto. Desta vez trazendo o cantor Teddy Milton, representante da Jovem Guarda no interior paulista, vindo de Jundia\u00ed. Foi descoberto por Tony Campello, que tamb\u00e9m foi quem cunhou o nome art\u00edstico do cantor &hellip; <a href=\"https:\/\/www.toque-musicall.com\/?p=10162\">Continue lendo <span class=\"meta-nav\">&rarr;<\/span><\/a><\/p>\n","protected":false},"author":1,"featured_media":0,"comment_status":"closed","ping_status":"closed","sticky":false,"template":"","format":"standard","meta":{"footnotes":""},"categories":[1],"tags":[5536,3153,5534],"class_list":["post-10162","post","type-post","status-publish","format-standard","hentry","category-sem-categoria","tag-compactos-2","tag-selo-odeon","tag-teddy-milton"],"_links":{"self":[{"href":"https:\/\/www.toque-musicall.com\/index.php?rest_route=\/wp\/v2\/posts\/10162","targetHints":{"allow":["GET"]}}],"collection":[{"href":"https:\/\/www.toque-musicall.com\/index.php?rest_route=\/wp\/v2\/posts"}],"about":[{"href":"https:\/\/www.toque-musicall.com\/index.php?rest_route=\/wp\/v2\/types\/post"}],"author":[{"embeddable":true,"href":"https:\/\/www.toque-musicall.com\/index.php?rest_route=\/wp\/v2\/users\/1"}],"replies":[{"embeddable":true,"href":"https:\/\/www.toque-musicall.com\/index.php?rest_route=%2Fwp%2Fv2%2Fcomments&post=10162"}],"version-history":[{"count":1,"href":"https:\/\/www.toque-musicall.com\/index.php?rest_route=\/wp\/v2\/posts\/10162\/revisions"}],"predecessor-version":[{"id":10163,"href":"https:\/\/www.toque-musicall.com\/index.php?rest_route=\/wp\/v2\/posts\/10162\/revisions\/10163"}],"wp:attachment":[{"href":"https:\/\/www.toque-musicall.com\/index.php?rest_route=%2Fwp%2Fv2%2Fmedia&parent=10162"}],"wp:term":[{"taxonomy":"category","embeddable":true,"href":"https:\/\/www.toque-musicall.com\/index.php?rest_route=%2Fwp%2Fv2%2Fcategories&post=10162"},{"taxonomy":"post_tag","embeddable":true,"href":"https:\/\/www.toque-musicall.com\/index.php?rest_route=%2Fwp%2Fv2%2Ftags&post=10162"}],"curies":[{"name":"wp","href":"https:\/\/api.w.org\/{rel}","templated":true}]}}