{"id":10164,"date":"2024-01-15T18:16:54","date_gmt":"2024-01-15T21:16:54","guid":{"rendered":"https:\/\/www.toque-musicall.com\/?p=10164"},"modified":"2024-01-15T18:16:54","modified_gmt":"2024-01-15T21:16:54","slug":"os-tres-amigos-1962","status":"publish","type":"post","link":"https:\/\/www.toque-musicall.com\/?p=10164","title":{"rendered":"Os Tr\u00eas Amigos (1962)"},"content":{"rendered":"\n<figure class=\"wp-block-image size-large\"><img decoding=\"async\" src=\"https:\/\/blogger.googleusercontent.com\/img\/b\/R29vZ2xl\/AVvXsEhVs7yczU9frvC3XT2B_iIEf3TKb1shBSFZ8V9PmWwEnC6OAk13af5f0ADDDbJqLgXO0WxLC2oRGmgp2HfEelGkUR0i67o8UuqqDtqPo5uPX0NN_925wze7UY7R2VIP20dGQCQWZS-GbY27Q0V_FQitQqMaVqvqIl_P_7N334ApGTIPaiBPGg0FkcMP1G4d\/w634-h640\/IMG_20230821_095558516.jpg\" alt=\"\"\/><\/figure>\n\n\n\n<figure class=\"wp-block-image size-large\"><img decoding=\"async\" src=\"https:\/\/blogger.googleusercontent.com\/img\/b\/R29vZ2xl\/AVvXsEheWRl5DcrfVClyAVEfxeu21ILLyPSxAKZcvJYcbvMS53D-WjOQqkQt_SkBYKdaH02GA2Pt22DOIEXsO5xPFNPOb_T_zqd5RFwr1SAcyRh2XewNpU7S2s8H3gSJQU8k4fIs3vzOELNKDE0IVGqqqIM6IoC2xRrgkwt9lg0rX3j8mXrdqR2BoF9v3oS0MSDM\/w640-h640\/IMG_20230821_095611417.jpg\" alt=\"\"\/><\/figure>\n\n\n<div class=\"separator\">Come\u00e7ando mais uma semana, vamos dar sequencia a mais alguns compactos variados \ud83d\ude42 Nesta postagem estamos trazendo um compacto duplo, lan\u00e7ado em 1962 pela RCA e seu selo Camden. Temos aqui Os Tr\u00eas Amigos, um trio vocal formado ainda nos anos 50, composto por Cide Mineiro, Jo\u00e3o da Matta e L\u00facio Sampaio. O disquinho traz quatro m\u00fasicas que originalmente foram lan\u00e7adas em dois discos de 78 rpm, pelo selo Victor, em 1961 e 62. Este compacto veio na sequencia, certamente por conta do sucesso rancheiro de m\u00fasicas como &#8220;Zorro&#8221; e &#8220;Sarita&#8221;. O trio, parece, ainda voltaria a gravar mais dois discos nos anos 80. Curiosidades que vale a pena conhecer \ud83d\ude09<\/div>\n<div class=\"separator\">\u00a0<\/div>\n<div class=\"separator\">zorro<\/div>\n<div class=\"separator\">pedr\u00e3o manhoso<\/div>\n<div class=\"separator\">o tropeiro<\/div>\n<div class=\"separator\">sarita<\/div>\n<div class=\"separator\">\u00a0<\/div>\n<div class=\"separator\">.<\/div>","protected":false},"excerpt":{"rendered":"<p>Come\u00e7ando mais uma semana, vamos dar sequencia a mais alguns compactos variados \ud83d\ude42 Nesta postagem estamos trazendo um compacto duplo, lan\u00e7ado em 1962 pela RCA e seu selo Camden. Temos aqui Os Tr\u00eas Amigos, um trio vocal formado ainda nos &hellip; <a href=\"https:\/\/www.toque-musicall.com\/?p=10164\">Continue lendo <span class=\"meta-nav\">&rarr;<\/span><\/a><\/p>\n","protected":false},"author":1,"featured_media":0,"comment_status":"closed","ping_status":"closed","sticky":false,"template":"","format":"standard","meta":{"footnotes":""},"categories":[1],"tags":[3072,5537,3204],"class_list":["post-10164","post","type-post","status-publish","format-standard","hentry","category-sem-categoria","tag-compactos","tag-os-tres-amigos","tag-selo-rca-camden"],"_links":{"self":[{"href":"https:\/\/www.toque-musicall.com\/index.php?rest_route=\/wp\/v2\/posts\/10164","targetHints":{"allow":["GET"]}}],"collection":[{"href":"https:\/\/www.toque-musicall.com\/index.php?rest_route=\/wp\/v2\/posts"}],"about":[{"href":"https:\/\/www.toque-musicall.com\/index.php?rest_route=\/wp\/v2\/types\/post"}],"author":[{"embeddable":true,"href":"https:\/\/www.toque-musicall.com\/index.php?rest_route=\/wp\/v2\/users\/1"}],"replies":[{"embeddable":true,"href":"https:\/\/www.toque-musicall.com\/index.php?rest_route=%2Fwp%2Fv2%2Fcomments&post=10164"}],"version-history":[{"count":1,"href":"https:\/\/www.toque-musicall.com\/index.php?rest_route=\/wp\/v2\/posts\/10164\/revisions"}],"predecessor-version":[{"id":10165,"href":"https:\/\/www.toque-musicall.com\/index.php?rest_route=\/wp\/v2\/posts\/10164\/revisions\/10165"}],"wp:attachment":[{"href":"https:\/\/www.toque-musicall.com\/index.php?rest_route=%2Fwp%2Fv2%2Fmedia&parent=10164"}],"wp:term":[{"taxonomy":"category","embeddable":true,"href":"https:\/\/www.toque-musicall.com\/index.php?rest_route=%2Fwp%2Fv2%2Fcategories&post=10164"},{"taxonomy":"post_tag","embeddable":true,"href":"https:\/\/www.toque-musicall.com\/index.php?rest_route=%2Fwp%2Fv2%2Ftags&post=10164"}],"curies":[{"name":"wp","href":"https:\/\/api.w.org\/{rel}","templated":true}]}}