{"id":10169,"date":"2024-01-17T10:33:51","date_gmt":"2024-01-17T13:33:51","guid":{"rendered":"https:\/\/www.toque-musicall.com\/?p=10169"},"modified":"2024-01-18T10:41:29","modified_gmt":"2024-01-18T13:41:29","slug":"daisy-guastini","status":"publish","type":"post","link":"https:\/\/www.toque-musicall.com\/?p=10169","title":{"rendered":"Daisy Guastini (1959)"},"content":{"rendered":"\n<figure class=\"wp-block-image size-large\"><img decoding=\"async\" src=\"https:\/\/blogger.googleusercontent.com\/img\/b\/R29vZ2xl\/AVvXsEjxThgdKWeRyWFUc9yPvuCiYpVOcuM3racWu8TMcMeM_WTcl3YwKSf6MGqRYYsUEGYJYIUjssfeQQU2V65L44ifjZUf2t8uto6OgIMr1jaCMivEcqpM5SkzDK121g2gBu_9LtVVSYkKobP44nse1XAY44TeEfRB2QqN1zgXxhmd8qtLedsqVS6_EbxKPEEe\/w640-h640\/Capturar.JPG\" alt=\"\"\/><\/figure>\n\n\n\n<figure class=\"wp-block-image size-large\"><img decoding=\"async\" src=\"https:\/\/blogger.googleusercontent.com\/img\/b\/R29vZ2xl\/AVvXsEhQ2D8ahFhyiFqYg_8Q4LFf1cPS5pQNtwTmERKKV13808pCuhWPBlJKfrEdyZnZ3WUtR80ogTRs9dk4xyUXYHRykAwAH8KOa6oMYTM4q4ghjm1MXvefIWB4RLANZ_kCJgBQ0uc4ZQHjtiFmoeZIGK9OMyY6S-W7_Qst6dMhTdda1TRzc__nTlEe6OrlxwOq\/w640-h634\/Capturarb.JPG\" alt=\"\"\/><\/figure>\n\n\n<div class=\"separator\">Mais uma boa curiosidade fonomusical, um raro compacto do selo Arp\u00e8ge, produ\u00e7\u00e3o art\u00edstica do grande Waldir Calmon que tamb\u00e9m empresariava uma famosa casa noturna do mesmo nome, no Rio de Janeiro. Do selo Arp\u00e8ge eu pensava que, como Djalma Ferreira e seu selo Drink, Calmon s\u00f3 tivesse editado seus pr\u00f3prios trabalhos. Mas aqui, como se pode ver, temos este raro exemplar em sete polegadas, ainda em 45 rpm, trazendo a cantora Daisy Guastini. Para muitos, uma cantora pouco conhecida, ainda mais nos dias de hoje. Ela j\u00e1 apareceu aqui em uma s\u00e9rie da nossa colet\u00e2nea exclusiva Grand Record Brazil, mas at\u00e9 onde sei, ela n\u00e3o gravou muita coisa. Paulista, mudou-se ainda jovem para Belo Horizonte onde iniciou sua carreira art\u00edstica, inicialmente como garota propaganda. Trabalhou no r\u00e1dio e na televis\u00e3o mineira, onde tamb\u00e9m chegou a comandar programas locais de entrevistas e tamb\u00e9m como cantora. Cantou na famosa orquestra do maestro Del\u00e9, em diversos clubes e casas noturnas. No final dos anos 50 ela j\u00e1 se projetava para al\u00e9m das montanhas de Minas, atuando com destaque em casas noturnas de S\u00e3o Paulo e Rio de Janeiro. E foi numa dessas que ela tamb\u00e9m cruzou com Waldir Calmon, por certo, tamb\u00e9m cantou na boate e da\u00ed nasceu seu primeiro disco, este compacto duplo, onde aparece logo de entrada o samba\/bossa &#8220;O que tinha de ser&#8221; (no disco como &#8220;Porque tinha de ser&#8221;), composi\u00e7\u00e3o at\u00e9 ent\u00e3o in\u00e9dita de Jobim e Vinicius. Tamb\u00e9m se destaca outra famosa de Tom, &#8220;Esquecendo voc\u00ea&#8221;. As outras duas faixas s\u00e3o os samba-can\u00e7\u00e3o, &#8220;Noite triste sem ningu\u00e9m&#8221;, de Fred Chateubriant e Vinicius de Carvalho e &#8220;Basta a luz da lua&#8221;, do maestro mineiro Del\u00e9 (Jos\u00e9 Br\u00e1z de Andrade) que tamb\u00e9m n\u00e3o deixam nada a desejar. Confiram essa raridade no GTM&#8230;<\/div>\n<div class=\"separator\">\u00a0<\/div>\n<div class=\"separator\">porque tinha de ser<\/div>\n<div class=\"separator\">noite triste sem ningu\u00e9m<\/div>\n<div class=\"separator\">esquecendo voc\u00ea<\/div>\n<div class=\"separator\">basta a luz da lua<\/div>\n<div class=\"separator\">\u00a0<\/div>\n<div class=\"separator\">\u00a0<\/div>\n<div class=\"separator\">.<\/div>\n<div class=\"separator\">\u00a0<\/div>","protected":false},"excerpt":{"rendered":"<p>Mais uma boa curiosidade fonomusical, um raro compacto do selo Arp\u00e8ge, produ\u00e7\u00e3o art\u00edstica do grande Waldir Calmon que tamb\u00e9m empresariava uma famosa casa noturna do mesmo nome, no Rio de Janeiro. Do selo Arp\u00e8ge eu pensava que, como Djalma Ferreira &hellip; <a href=\"https:\/\/www.toque-musicall.com\/?p=10169\">Continue lendo <span class=\"meta-nav\">&rarr;<\/span><\/a><\/p>\n","protected":false},"author":1,"featured_media":0,"comment_status":"closed","ping_status":"closed","sticky":false,"template":"","format":"standard","meta":{"footnotes":""},"categories":[1],"tags":[3072,5538,5539],"class_list":["post-10169","post","type-post","status-publish","format-standard","hentry","category-sem-categoria","tag-compactos","tag-daisy-guastini","tag-selo-arpege"],"_links":{"self":[{"href":"https:\/\/www.toque-musicall.com\/index.php?rest_route=\/wp\/v2\/posts\/10169","targetHints":{"allow":["GET"]}}],"collection":[{"href":"https:\/\/www.toque-musicall.com\/index.php?rest_route=\/wp\/v2\/posts"}],"about":[{"href":"https:\/\/www.toque-musicall.com\/index.php?rest_route=\/wp\/v2\/types\/post"}],"author":[{"embeddable":true,"href":"https:\/\/www.toque-musicall.com\/index.php?rest_route=\/wp\/v2\/users\/1"}],"replies":[{"embeddable":true,"href":"https:\/\/www.toque-musicall.com\/index.php?rest_route=%2Fwp%2Fv2%2Fcomments&post=10169"}],"version-history":[{"count":2,"href":"https:\/\/www.toque-musicall.com\/index.php?rest_route=\/wp\/v2\/posts\/10169\/revisions"}],"predecessor-version":[{"id":10171,"href":"https:\/\/www.toque-musicall.com\/index.php?rest_route=\/wp\/v2\/posts\/10169\/revisions\/10171"}],"wp:attachment":[{"href":"https:\/\/www.toque-musicall.com\/index.php?rest_route=%2Fwp%2Fv2%2Fmedia&parent=10169"}],"wp:term":[{"taxonomy":"category","embeddable":true,"href":"https:\/\/www.toque-musicall.com\/index.php?rest_route=%2Fwp%2Fv2%2Fcategories&post=10169"},{"taxonomy":"post_tag","embeddable":true,"href":"https:\/\/www.toque-musicall.com\/index.php?rest_route=%2Fwp%2Fv2%2Ftags&post=10169"}],"curies":[{"name":"wp","href":"https:\/\/api.w.org\/{rel}","templated":true}]}}