{"id":1017,"date":"2009-11-20T08:29:00","date_gmt":"2009-11-20T08:29:00","guid":{"rendered":"http:\/\/www.toque-musicall.com\/?p=1017"},"modified":"2009-11-20T08:29:00","modified_gmt":"2009-11-20T08:29:00","slug":"anisio-mello-a-amazonia-canta-1976","status":"publish","type":"post","link":"https:\/\/www.toque-musicall.com\/?p=1017","title":{"rendered":"An\u00edsio Mello &#8211; A Amaz\u00f4nia Canta (1976)"},"content":{"rendered":"<p><a href=\"http:\/\/2.bp.blogspot.com\/_DSKVEvHtskc\/SwZT4fXg-lI\/AAAAAAAAFqM\/q5QfuXagVz0\/s1600\/anisio+mello+P.JPG\"><img decoding=\"async\" style=\"display:block; margin:0px auto 10px; text-align:center;cursor:pointer; cursor:hand;width: 397px; height: 400px;\" src=\"http:\/\/2.bp.blogspot.com\/_DSKVEvHtskc\/SwZT4fXg-lI\/AAAAAAAAFqM\/q5QfuXagVz0\/s400\/anisio+mello+P.JPG\" border=\"0\" alt=\"\" id=\"BLOGGER_PHOTO_ID_5406100632662768210\" \/><\/a>Na \u00faltima feira de vinil, entre tantos discos eu encontrei este foi um dos que me chamou a aten\u00e7\u00e3o. Normalmente em feiras de discos usados e sebos eu procuro sempre curiosidades, raridades e coisas que muitas vezes as pessoas desprezam ou n\u00e3o d\u00e3o a devida aten\u00e7\u00e3o. Este disco me despertou inicialmente pela estampa. Um \u00e1lbum de capa dupla com uma bela vit\u00f3ria-r\u00e9gia em flor. Fiquei curioso, estava bem conservado e pela bagatela de 1 real eu n\u00e3o tive d\u00favidas de compr\u00e1-lo. Trata-se de um disco independente, com todos os requisitos para ser postado aqui no Toque Musical, principalmente hoje que \u00e9 sexta-feira. Pelo que eu li no texto interno da capa e tamb\u00e9m atrav\u00e9s de algumas informa\u00e7\u00f5es recolhidas da rede, An\u00edsio Mello \u00e9 uma ilustre figura do cen\u00e1rio cultural amazonense. Artista pl\u00e1stico, escritor, jornalista e poeta. Foi um dos fundadores do movimento art\u00edstico e liter\u00e1rio <a href=\"http:\/\/www.revistas.uea.edu.br\/old\/abore\/artigos\/artigos_3\/Luciane%20Viana%20Barros%20Pascoa.pdf\">Clube da Madrugada<\/a> que surgiu no Amazonas nos anos 5o. Em 1976 ele lan\u00e7ou este despretensioso disco onde nos revela sua faceta de compositor. Sua m\u00fasica e poesia falam da terra onde nasceu, da sua paix\u00e3o pelo Amazonas. No disco podemos encontrar samba, xote, bai\u00e3o e marchas. Um estilo amador, mas de excelentes qualidades. Faltou talvez um outro int\u00e9rprete e uma produ\u00e7\u00e3o que n\u00e3o se limitasse \u00e0 capa, mas isso em nada tira a beleza de suas cria\u00e7\u00f5es. An\u00edsio pode at\u00e9 n\u00e3o ser um bom cantor, mas \u00e9 um excelente compositor e nos mostra como poucos a riqueza de sua regi\u00e3o. Este \u00e9 um trabalho essencialmente autoral. Infelizmente, aqui para as bandas do sul, pouca coisa chega dos artistas do norte. Ainda falta descobrirmos muito do Brasil.<\/p>\n<div><\/div>\n<div style=\"text-align: center;\">convite<\/div>\n<div style=\"text-align: center;\">uma casa de caboclo<\/div>\n<div style=\"text-align: center;\">tarum\u00e3<\/div>\n<div style=\"text-align: center;\">defini\u00e7\u00f5es<\/div>\n<div style=\"text-align: center;\">saudade do rio mar<\/div>\n<div style=\"text-align: center;\">can\u00e7\u00e3o do juru\u00e1<\/div>\n<div style=\"text-align: center;\">hino do seringueiro<\/div>\n<div style=\"text-align: center;\">bai\u00e3o do norte<\/div>\n<div style=\"text-align: center;\">dan\u00e7a de n\u00eago<\/div>\n<div style=\"text-align: center;\">s\u00faplica de amor<\/div>\n<div style=\"text-align: center;\">saudade outra vez<\/div>\n<div style=\"text-align: center;\">vida de amor<\/div>\n<div style=\"text-align: center;\"><\/div>\n<div style=\"text-align: center;\"> <\/div>\n","protected":false},"excerpt":{"rendered":"<p>Na \u00faltima feira de vinil, entre tantos discos eu encontrei este foi um dos que me chamou a aten\u00e7\u00e3o. Normalmente em feiras de discos usados e sebos eu procuro sempre curiosidades, raridades e coisas que muitas vezes as pessoas desprezam &hellip; <a href=\"https:\/\/www.toque-musicall.com\/?p=1017\">Continue lendo <span class=\"meta-nav\">&rarr;<\/span><\/a><\/p>\n","protected":false},"author":1,"featured_media":0,"comment_status":"open","ping_status":"closed","sticky":false,"template":"","format":"standard","meta":{"footnotes":""},"categories":[1300],"tags":[],"class_list":["post-1017","post","type-post","status-publish","format-standard","hentry","category-anisio-mello"],"_links":{"self":[{"href":"https:\/\/www.toque-musicall.com\/index.php?rest_route=\/wp\/v2\/posts\/1017","targetHints":{"allow":["GET"]}}],"collection":[{"href":"https:\/\/www.toque-musicall.com\/index.php?rest_route=\/wp\/v2\/posts"}],"about":[{"href":"https:\/\/www.toque-musicall.com\/index.php?rest_route=\/wp\/v2\/types\/post"}],"author":[{"embeddable":true,"href":"https:\/\/www.toque-musicall.com\/index.php?rest_route=\/wp\/v2\/users\/1"}],"replies":[{"embeddable":true,"href":"https:\/\/www.toque-musicall.com\/index.php?rest_route=%2Fwp%2Fv2%2Fcomments&post=1017"}],"version-history":[{"count":0,"href":"https:\/\/www.toque-musicall.com\/index.php?rest_route=\/wp\/v2\/posts\/1017\/revisions"}],"wp:attachment":[{"href":"https:\/\/www.toque-musicall.com\/index.php?rest_route=%2Fwp%2Fv2%2Fmedia&parent=1017"}],"wp:term":[{"taxonomy":"category","embeddable":true,"href":"https:\/\/www.toque-musicall.com\/index.php?rest_route=%2Fwp%2Fv2%2Fcategories&post=1017"},{"taxonomy":"post_tag","embeddable":true,"href":"https:\/\/www.toque-musicall.com\/index.php?rest_route=%2Fwp%2Fv2%2Ftags&post=1017"}],"curies":[{"name":"wp","href":"https:\/\/api.w.org\/{rel}","templated":true}]}}