{"id":10172,"date":"2024-01-18T20:17:06","date_gmt":"2024-01-18T23:17:06","guid":{"rendered":"https:\/\/www.toque-musicall.com\/?p=10172"},"modified":"2024-01-23T19:16:51","modified_gmt":"2024-01-23T22:16:51","slug":"quinteto-da-escola-de-minas-de-ouro-preto-1959","status":"publish","type":"post","link":"https:\/\/www.toque-musicall.com\/?p=10172","title":{"rendered":"Quinteto Da Escola De Minas De Ouro Preto (1959)"},"content":{"rendered":"\n<figure class=\"wp-block-image size-large\"><img decoding=\"async\" src=\"https:\/\/blogger.googleusercontent.com\/img\/b\/R29vZ2xl\/AVvXsEgLDhRtG8uAR_YV7Zs8_IrwuXMz6mfS1elNIxibprHPn589FHdaWdTGiXFTY46HFVJKjFfsf9FN9lZ2nI64sNQ6jrG1YAb_6j-eAjlj77eF2W63Ui3jCE928lulYCMS9aUF8JpVb5-RyxtCigdc8btrLq-Lz43qUnYO-3plyEMAxmyq9T7WBHU85Vwrdqqa\/w640-h640\/Capturar.JPG\" alt=\"\"\/><\/figure>\n\n\n\n<figure class=\"wp-block-image size-large\"><img decoding=\"async\" src=\"https:\/\/blogger.googleusercontent.com\/img\/b\/R29vZ2xl\/AVvXsEhTvNSf-MCKj5Uz5Qy6fB270jbYyUovbNolHbJbqVV-Hudb_v_B0OD940oPeCCMmcQgjJLMtobwegP76OSWoiUPSo8zCzMreDGim18EHx-Avhs5BWxjUW06nrfItsH0TH9WTgcDbe8VZFOoBRJDitEFC8NCjX7xBfOmB-WOGl0PAvJuq2Tx4O4Lxz2Fskgb\/w630-h640\/Capturarb.JPG\" alt=\"\"\/><\/figure>\n\n\n<div class=\"separator\">Olha a\u00ed o toque desta quinta feira&#8230; Aqui temos um rar\u00edssimo e porque n\u00e3o dizer, obscuro disquinho que os amig@s v\u00e3o tod@s apreciar. E logo, n\u00e3o demora, vai estar completo no Youtube, monetizado como cabe a tudo que passa por aqui de gra\u00e7a. A gra\u00e7a e o prazer de ouvir com outros olhos&#8230;<\/div>\n<div class=\"separator\">Mas voltando ao que interessa, aqui temos um compacto duplo, em 45 rpm, lan\u00e7ado pela Odeon no ano de 1959, trazendo um grupo musical vindo da cidade de Ouro Preto. Trata-se de um jovem quinteto formado por estudantes da Escola de Minas, de Ouro Preto. Formado por Ubirajara Quaranta Cabral (Bira) no piano; Helser Dornas Antunes (Madrugada) no acordeon; Fernando Versiani dos Anjos (Passarinho) no sax; Roberto Augusto Barbosa (Menescau) no contrabaixo e Petronius Tr\u00f3pia Marzano (Van Johnson) na bateria. Este conjunto fazia sucesso nas noites frias daquela cidade barroca. Segundo consta, o grupo se apresentava nos finais de semana, em bailes e shows, tinham um repert\u00f3rio sofisticado, antenados com o jazz e a bossa nova que ecoava entre as montanhas e em especial nesta cidade tur\u00edstica. Infelizmente, n\u00e3o ficou muita coisa registrada sobre eles, n\u00e3o muita refer\u00eancia na rede e talvez quem ainda se lembra do quinteto \u00e9 o povo do lugar. E este disquinho&#8230; ah, este disquinho, apesar dos estalos, vale ter na cole\u00e7\u00e3o \ud83d\ude09<\/div>\n<div class=\"separator\">\u00a0<\/div>\n<div class=\"separator\">love is here to stay<\/div>\n<div class=\"separator\">toma que \u00e9 teu<\/div>\n<div class=\"separator\">sele\u00e7\u00e3o caymmi<\/div>\n<div class=\"separator\">situa\u00e7\u00e3o irregular<\/div>\n<div class=\"separator\">\u00a0<\/div>\n<div class=\"separator\">\u00a0<\/div>\n<div class=\"separator\">.<\/div>","protected":false},"excerpt":{"rendered":"<p>Olha a\u00ed o toque desta quinta feira&#8230; Aqui temos um rar\u00edssimo e porque n\u00e3o dizer, obscuro disquinho que os amig@s v\u00e3o tod@s apreciar. E logo, n\u00e3o demora, vai estar completo no Youtube, monetizado como cabe a tudo que passa por &hellip; <a href=\"https:\/\/www.toque-musicall.com\/?p=10172\">Continue lendo <span class=\"meta-nav\">&rarr;<\/span><\/a><\/p>\n","protected":false},"author":1,"featured_media":0,"comment_status":"closed","ping_status":"closed","sticky":false,"template":"","format":"standard","meta":{"footnotes":""},"categories":[1],"tags":[3072,5540,3153],"class_list":["post-10172","post","type-post","status-publish","format-standard","hentry","category-sem-categoria","tag-compactos","tag-quinteto-da-escola-de-minas-de-ouro-preto","tag-selo-odeon"],"_links":{"self":[{"href":"https:\/\/www.toque-musicall.com\/index.php?rest_route=\/wp\/v2\/posts\/10172","targetHints":{"allow":["GET"]}}],"collection":[{"href":"https:\/\/www.toque-musicall.com\/index.php?rest_route=\/wp\/v2\/posts"}],"about":[{"href":"https:\/\/www.toque-musicall.com\/index.php?rest_route=\/wp\/v2\/types\/post"}],"author":[{"embeddable":true,"href":"https:\/\/www.toque-musicall.com\/index.php?rest_route=\/wp\/v2\/users\/1"}],"replies":[{"embeddable":true,"href":"https:\/\/www.toque-musicall.com\/index.php?rest_route=%2Fwp%2Fv2%2Fcomments&post=10172"}],"version-history":[{"count":2,"href":"https:\/\/www.toque-musicall.com\/index.php?rest_route=\/wp\/v2\/posts\/10172\/revisions"}],"predecessor-version":[{"id":10191,"href":"https:\/\/www.toque-musicall.com\/index.php?rest_route=\/wp\/v2\/posts\/10172\/revisions\/10191"}],"wp:attachment":[{"href":"https:\/\/www.toque-musicall.com\/index.php?rest_route=%2Fwp%2Fv2%2Fmedia&parent=10172"}],"wp:term":[{"taxonomy":"category","embeddable":true,"href":"https:\/\/www.toque-musicall.com\/index.php?rest_route=%2Fwp%2Fv2%2Fcategories&post=10172"},{"taxonomy":"post_tag","embeddable":true,"href":"https:\/\/www.toque-musicall.com\/index.php?rest_route=%2Fwp%2Fv2%2Ftags&post=10172"}],"curies":[{"name":"wp","href":"https:\/\/api.w.org\/{rel}","templated":true}]}}