{"id":10174,"date":"2024-01-19T18:58:47","date_gmt":"2024-01-19T21:58:47","guid":{"rendered":"https:\/\/www.toque-musicall.com\/?p=10174"},"modified":"2024-01-19T18:58:47","modified_gmt":"2024-01-19T21:58:47","slug":"lucienne-franco-1964","status":"publish","type":"post","link":"https:\/\/www.toque-musicall.com\/?p=10174","title":{"rendered":"Lucienne Franco (1964)\u00a0"},"content":{"rendered":"\n<figure class=\"wp-block-image size-large\"><img decoding=\"async\" src=\"https:\/\/blogger.googleusercontent.com\/img\/b\/R29vZ2xl\/AVvXsEhFlq6am2Y7Qrch5HQONe9TRs_Pfx9yUQxvvUV0WABphcHjjJd8wMvyXc7yEUmBCan9qgJdsnq_synNrjVUCuva_mi9RpYVXWnh9a2G108S_QWm2i18HkbYJRWW808TJw_YhipubVi_01meN4hLtVNkDyBIjgTmtDrBzbw4QHYjdOuz8Q0X0g-USj8mZ1ad\/w640-h638\/Capturar.JPG\" alt=\"\"\/><\/figure>\n\n\n\n<figure class=\"wp-block-image size-large\"><img decoding=\"async\" src=\"https:\/\/blogger.googleusercontent.com\/img\/b\/R29vZ2xl\/AVvXsEjvQC947dbwjY1wPOxdSLJk6JPeJ79NAG3ZCGbrYJ4qtopoM4-I_RV7WYEdvkuBEzoVmbUTdBkuQsizEt7liSJH-jRCwFBgxospK3dSLDMz24vxG1HEaPj-XHTSxDeXCxoUhwJoTvynAMAQRmAUuYKIVEC838kopmyCllqhXh-NabwU0-iqkuhvJBdihSaB\/w640-h640\/Capturarb.JPG\" alt=\"\"\/><\/figure>\n\n\n<div class=\"separator\">Nosso compacto de hoje \u00e9 com a cantora Lucienne Franco, uma das poucas remanescentes da chamada &#8220;Era do R\u00e1dio&#8221;. At\u00e9 pouco tempo atr\u00e1s ela ainda fazia apresenta\u00e7\u00f5es, retomando uma carreira interrompida por conta da administra\u00e7\u00e3o de hot\u00e9is de sua fam\u00edlia, durante as d\u00e9cadas de 80 e 90. Luciene iniciou-se na carreira no r\u00e1dio, tendo como padrinho Luiz Bonf\u00e1. Tamb\u00e9m era uma das int\u00e9rpretes favoritas de Ary Barroso. Atuou no r\u00e1dio e na televis\u00e3o. Cantou em boates, excursionou\u00a0 por v\u00e1rias cidades brasileiras e tamb\u00e9m se apresentou em pa\u00edses latino-americanos e na Europa. Seu repert\u00f3rio, como o de tantas outras cantoras de sua \u00e9poca era m\u00fasica brasileira, o samba. Mas tamb\u00e9m\u00a0 interpretava m\u00fasicas estrangeiras, como aqui neste disquinho que foi o maior sucesso por conta da can\u00e7\u00e3o &#8220;Ma vie&#8221;.\u00a0<\/div>\n<div class=\"separator\">\u00a0<\/div>\n<div class=\"separator\">ma vie<\/div>\n<div class=\"separator\">i could have danced all night<\/div>\n<div class=\"separator\">\u00a0<\/div>\n<div class=\"separator\">\u00a0<\/div>\n<div class=\"separator\">.<\/div>","protected":false},"excerpt":{"rendered":"<p>Nosso compacto de hoje \u00e9 com a cantora Lucienne Franco, uma das poucas remanescentes da chamada &#8220;Era do R\u00e1dio&#8221;. At\u00e9 pouco tempo atr\u00e1s ela ainda fazia apresenta\u00e7\u00f5es, retomando uma carreira interrompida por conta da administra\u00e7\u00e3o de hot\u00e9is de sua fam\u00edlia, &hellip; <a href=\"https:\/\/www.toque-musicall.com\/?p=10174\">Continue lendo <span class=\"meta-nav\">&rarr;<\/span><\/a><\/p>\n","protected":false},"author":1,"featured_media":0,"comment_status":"closed","ping_status":"closed","sticky":false,"template":"","format":"standard","meta":{"footnotes":""},"categories":[1],"tags":[],"class_list":["post-10174","post","type-post","status-publish","format-standard","hentry","category-sem-categoria"],"_links":{"self":[{"href":"https:\/\/www.toque-musicall.com\/index.php?rest_route=\/wp\/v2\/posts\/10174","targetHints":{"allow":["GET"]}}],"collection":[{"href":"https:\/\/www.toque-musicall.com\/index.php?rest_route=\/wp\/v2\/posts"}],"about":[{"href":"https:\/\/www.toque-musicall.com\/index.php?rest_route=\/wp\/v2\/types\/post"}],"author":[{"embeddable":true,"href":"https:\/\/www.toque-musicall.com\/index.php?rest_route=\/wp\/v2\/users\/1"}],"replies":[{"embeddable":true,"href":"https:\/\/www.toque-musicall.com\/index.php?rest_route=%2Fwp%2Fv2%2Fcomments&post=10174"}],"version-history":[{"count":2,"href":"https:\/\/www.toque-musicall.com\/index.php?rest_route=\/wp\/v2\/posts\/10174\/revisions"}],"predecessor-version":[{"id":10176,"href":"https:\/\/www.toque-musicall.com\/index.php?rest_route=\/wp\/v2\/posts\/10174\/revisions\/10176"}],"wp:attachment":[{"href":"https:\/\/www.toque-musicall.com\/index.php?rest_route=%2Fwp%2Fv2%2Fmedia&parent=10174"}],"wp:term":[{"taxonomy":"category","embeddable":true,"href":"https:\/\/www.toque-musicall.com\/index.php?rest_route=%2Fwp%2Fv2%2Fcategories&post=10174"},{"taxonomy":"post_tag","embeddable":true,"href":"https:\/\/www.toque-musicall.com\/index.php?rest_route=%2Fwp%2Fv2%2Ftags&post=10174"}],"curies":[{"name":"wp","href":"https:\/\/api.w.org\/{rel}","templated":true}]}}