{"id":10177,"date":"2024-01-20T19:58:53","date_gmt":"2024-01-20T22:58:53","guid":{"rendered":"https:\/\/www.toque-musicall.com\/?p=10177"},"modified":"2024-01-20T19:58:53","modified_gmt":"2024-01-20T22:58:53","slug":"pocho-e-sua-orquestra-quadra-de-azes-1960","status":"publish","type":"post","link":"https:\/\/www.toque-musicall.com\/?p=10177","title":{"rendered":"Pocho E Sua Orquestra &#8211; Quadra De Azes (1960)"},"content":{"rendered":"\n<figure class=\"wp-block-image size-large\"><img decoding=\"async\" src=\"https:\/\/blogger.googleusercontent.com\/img\/b\/R29vZ2xl\/AVvXsEjmIoyOkJClBDsVNXWCfzm3-SbuS325GPyRmX8yNWz6U2YMVF_45xVIORvTvpGuOEtZSEzLqeGHQOF4iJeomBe1WRObv5qXeXkngTUDnFexcW4xDVjJwuJx6Ocumv3yTyZIurA2vW6AVo8RXq5NN8MhpEk9SY6Md-Dw8Rk_UPWzXUstL4HwLWLjVvMBtlij\/w630-h640\/Capturar.JPG\" alt=\"\"\/><\/figure>\n\n\n\n<figure class=\"wp-block-image size-large\"><img decoding=\"async\" src=\"https:\/\/blogger.googleusercontent.com\/img\/b\/R29vZ2xl\/AVvXsEi5KhL2JzZUi80efuE3c-L5Jqeq-d6v20fOrTyrWvBCU_U1pnYzlBU1Qh7mH-arRTQVsU5oWmdilL16vxp4YRVHXggWz6s6urbC0n8sFimg4xlXu-UgwgH6RLsM-cM5DaouAyGkvok5zxa-c706P8U8kV-jWXYFDUOkrJ-7Ud15-uSePxZyTNkmpdXb7Ux7\/w636-h640\/Capturarb.JPG\" alt=\"\"\/><\/figure>\n\n\n<div class=\"separator\">Mais uma curiosidade que nos interessa, aqui no Toque Musical. Desta vez temos Pocho e sua orquestra, neste compacto de 45 rpm, ou seja, mais um dos primeiros lan\u00e7amentos nesse formato de 7 polegadas. Como j\u00e1 dissemos, os primeiros compactos brasileiros seguiam o padr\u00e3o americano e europeu, com grava\u00e7\u00f5es em velocidade de 45 rpm, al\u00e9m do burac\u00e3o no centro, que era comum para as radiolinhas e &#8216;jukebox&#8217;. Aqui no Brasil usava-se os adaptadores.<\/div>\n<div class=\"separator\">Temos assim, Pocho, apelido para maestro uruguaio Rubens Perez que atuou no Brasil nos anos 50 e 60, contratado pela RGE. J\u00e1 postamos dele outros discos por aqui e agora vamos com este raro compacto duplo onde ele com sua orquestra nos trazem quatro diferentes temas da \u00e9poca&#8230;<\/div>\n<div class=\"separator\">\u00a0<\/div>\n<div class=\"separator\">witch doctor<\/div>\n<div class=\"separator\">cachito<\/div>\n<div class=\"separator\">n\u00e3o vou pra bras\u00edlia<\/div>\n<div class=\"separator\">26 miles<\/div>\n<div class=\"separator\">\u00a0<\/div>\n<div class=\"separator\">\u00a0<\/div>\n<div class=\"separator\">.<\/div>","protected":false},"excerpt":{"rendered":"<p>Mais uma curiosidade que nos interessa, aqui no Toque Musical. Desta vez temos Pocho e sua orquestra, neste compacto de 45 rpm, ou seja, mais um dos primeiros lan\u00e7amentos nesse formato de 7 polegadas. Como j\u00e1 dissemos, os primeiros compactos &hellip; <a href=\"https:\/\/www.toque-musicall.com\/?p=10177\">Continue lendo <span class=\"meta-nav\">&rarr;<\/span><\/a><\/p>\n","protected":false},"author":1,"featured_media":0,"comment_status":"closed","ping_status":"closed","sticky":false,"template":"","format":"standard","meta":{"footnotes":""},"categories":[1],"tags":[3072,5542,3091],"class_list":["post-10177","post","type-post","status-publish","format-standard","hentry","category-sem-categoria","tag-compactos","tag-pocho-e-sua-orquestra","tag-selo-rge"],"_links":{"self":[{"href":"https:\/\/www.toque-musicall.com\/index.php?rest_route=\/wp\/v2\/posts\/10177","targetHints":{"allow":["GET"]}}],"collection":[{"href":"https:\/\/www.toque-musicall.com\/index.php?rest_route=\/wp\/v2\/posts"}],"about":[{"href":"https:\/\/www.toque-musicall.com\/index.php?rest_route=\/wp\/v2\/types\/post"}],"author":[{"embeddable":true,"href":"https:\/\/www.toque-musicall.com\/index.php?rest_route=\/wp\/v2\/users\/1"}],"replies":[{"embeddable":true,"href":"https:\/\/www.toque-musicall.com\/index.php?rest_route=%2Fwp%2Fv2%2Fcomments&post=10177"}],"version-history":[{"count":1,"href":"https:\/\/www.toque-musicall.com\/index.php?rest_route=\/wp\/v2\/posts\/10177\/revisions"}],"predecessor-version":[{"id":10178,"href":"https:\/\/www.toque-musicall.com\/index.php?rest_route=\/wp\/v2\/posts\/10177\/revisions\/10178"}],"wp:attachment":[{"href":"https:\/\/www.toque-musicall.com\/index.php?rest_route=%2Fwp%2Fv2%2Fmedia&parent=10177"}],"wp:term":[{"taxonomy":"category","embeddable":true,"href":"https:\/\/www.toque-musicall.com\/index.php?rest_route=%2Fwp%2Fv2%2Fcategories&post=10177"},{"taxonomy":"post_tag","embeddable":true,"href":"https:\/\/www.toque-musicall.com\/index.php?rest_route=%2Fwp%2Fv2%2Ftags&post=10177"}],"curies":[{"name":"wp","href":"https:\/\/api.w.org\/{rel}","templated":true}]}}