{"id":10179,"date":"2024-01-21T12:01:43","date_gmt":"2024-01-21T15:01:43","guid":{"rendered":"https:\/\/www.toque-musicall.com\/?p=10179"},"modified":"2024-01-21T12:02:30","modified_gmt":"2024-01-21T15:02:30","slug":"chucho-martinez-compacto-1964","status":"publish","type":"post","link":"https:\/\/www.toque-musicall.com\/?p=10179","title":{"rendered":"Chucho Martinez &#8211; Compacto (1964)"},"content":{"rendered":"\n<p><\/p>\n\n\n\n<figure class=\"wp-block-image size-large\"><img decoding=\"async\" src=\"https:\/\/blogger.googleusercontent.com\/img\/b\/R29vZ2xl\/AVvXsEgVl8eky6zZADeMdtIyUANtQWWQeLy8t8JTy5eu4MYFiHMbAn-1_2M3XHHUIHhIen3mIsdRozaFVPASNrXSMUud-mqH6YEKFg7tkk1ft7oRom5V7I8mdqrV2OIuMUuUb3kfxwPtfSWI355GMtGrjtrx4n1Jez9JrkxpmmRyDAEb4WPnRjR_VucyohH-HjCj\/w640-h636\/Capturar.JPG\" alt=\"\"\/><\/figure>\n\n\n\n<figure class=\"wp-block-image size-large\"><img decoding=\"async\" src=\"https:\/\/blogger.googleusercontent.com\/img\/b\/R29vZ2xl\/AVvXsEhRzXYC7KOfHNm5K7cTyzvEtGZXXNtfFXViyyZWLERkQ2ZbsbcP7ixJj6m49lrf8GYrI77fKnv8LFnPCfsYPXmgIMRLXDxxCKB7X4RiKuxXmEVwGgYFsgvXEfO8SpFAKntf0COV4_A-sPyXrCz_VjU0UjXMKGMn1vYN9U1gwZGXaLuHT3pCPoik_Al8v3WD\/w640-h636\/Capturarb.JPG\" alt=\"\"\/><\/figure>\n\n\n<div class=\"separator\">E como \u00e9 domingo&#8230; Continuamos&#8230; Desta vez trazendo outra curiosidade, Chucho Martinez, possivelmente um artista estrangeiro, mexicano talvez (Chucho Martinez Gil?), em compacto, pelo selo Fermata. O que nos traz a este compacto duplo, possivelmente de 1964, \u00e9 a sua produ\u00e7\u00e3o. Certamente gravado aqui mesmo no Brasil e o que deixa isso muito claro \u00e9 o fato de termos no disquinho duas composi\u00e7\u00f5es da dupla Evaldo Gouveia e Jair Amorin, &#8220;Oferenda&#8221; e &#8220;Que queres tu de mim&#8221; em vers\u00f5es feitas por Chucho Martinez. Outro detalhe importante \u00e9 que o artista vem acompanhado pelo Trio Cristal e orquestra\u00e7\u00e3o do maestro Daniel Salinas. (estou quase achando que n\u00e3o tem nada de mexicano aqui, s\u00f3 uruguaios). Para os amantes do bolero, eis aqui um pratinho cheio&#8230;\u00a0<\/div>\n<div class=\"separator\">\u00a0<\/div>\n<div class=\"separator\">ofrenda<\/div>\n<div class=\"separator\">la ultima lecci\u00f3n<\/div>\n<div class=\"separator\">que quieres tu de mi<\/div>\n<div class=\"separator\">cuando te vayas<\/div>\n<div class=\"separator\">\u00a0<\/div>\n<div class=\"separator\">\u00a0<\/div>\n<div class=\"separator\">.<\/div>","protected":false},"excerpt":{"rendered":"<p>E como \u00e9 domingo&#8230; Continuamos&#8230; Desta vez trazendo outra curiosidade, Chucho Martinez, possivelmente um artista estrangeiro, mexicano talvez (Chucho Martinez Gil?), em compacto, pelo selo Fermata. O que nos traz a este compacto duplo, possivelmente de 1964, \u00e9 a sua &hellip; <a href=\"https:\/\/www.toque-musicall.com\/?p=10179\">Continue lendo <span class=\"meta-nav\">&rarr;<\/span><\/a><\/p>\n","protected":false},"author":1,"featured_media":0,"comment_status":"closed","ping_status":"closed","sticky":false,"template":"","format":"standard","meta":{"footnotes":""},"categories":[1],"tags":[3072,5543,5544,3412],"class_list":["post-10179","post","type-post","status-publish","format-standard","hentry","category-sem-categoria","tag-compactos","tag-evaldo-gouveia","tag-jair-amorin","tag-selo-fermata"],"_links":{"self":[{"href":"https:\/\/www.toque-musicall.com\/index.php?rest_route=\/wp\/v2\/posts\/10179","targetHints":{"allow":["GET"]}}],"collection":[{"href":"https:\/\/www.toque-musicall.com\/index.php?rest_route=\/wp\/v2\/posts"}],"about":[{"href":"https:\/\/www.toque-musicall.com\/index.php?rest_route=\/wp\/v2\/types\/post"}],"author":[{"embeddable":true,"href":"https:\/\/www.toque-musicall.com\/index.php?rest_route=\/wp\/v2\/users\/1"}],"replies":[{"embeddable":true,"href":"https:\/\/www.toque-musicall.com\/index.php?rest_route=%2Fwp%2Fv2%2Fcomments&post=10179"}],"version-history":[{"count":3,"href":"https:\/\/www.toque-musicall.com\/index.php?rest_route=\/wp\/v2\/posts\/10179\/revisions"}],"predecessor-version":[{"id":10182,"href":"https:\/\/www.toque-musicall.com\/index.php?rest_route=\/wp\/v2\/posts\/10179\/revisions\/10182"}],"wp:attachment":[{"href":"https:\/\/www.toque-musicall.com\/index.php?rest_route=%2Fwp%2Fv2%2Fmedia&parent=10179"}],"wp:term":[{"taxonomy":"category","embeddable":true,"href":"https:\/\/www.toque-musicall.com\/index.php?rest_route=%2Fwp%2Fv2%2Fcategories&post=10179"},{"taxonomy":"post_tag","embeddable":true,"href":"https:\/\/www.toque-musicall.com\/index.php?rest_route=%2Fwp%2Fv2%2Ftags&post=10179"}],"curies":[{"name":"wp","href":"https:\/\/api.w.org\/{rel}","templated":true}]}}