{"id":10193,"date":"2024-01-24T07:46:39","date_gmt":"2024-01-24T10:46:39","guid":{"rendered":"https:\/\/www.toque-musicall.com\/?p=10193"},"modified":"2024-01-25T08:10:49","modified_gmt":"2024-01-25T11:10:49","slug":"kaleidoscopio-no2-1967","status":"publish","type":"post","link":"https:\/\/www.toque-musicall.com\/?p=10193","title":{"rendered":"Kaleidosc\u00f3pio N\u00ba2 (1967)"},"content":{"rendered":"\n<p><\/p>\n\n\n\n<figure class=\"wp-block-image size-large\"><img decoding=\"async\" src=\"https:\/\/blogger.googleusercontent.com\/img\/b\/R29vZ2xl\/AVvXsEiL4Fa-1_soiyaYpQT9EsQr1zXJdcVLMu59DfVHYUs0MTLieAu-xFC8Jnf9bVoChuY08QXPdzP1casC9jiCS5zOj5zXf1UWSyDV4E8lv_-jXBvy9xp9ICk83pHIHB83Xc6SCzZJj7EwqTzGtscz_j4fOhX_5v-5Us6RMFmsBX5i390dsT4LoAB669eJ58kC\/s600\/IMG_20230501_211402268.jpg\" alt=\"\"\/><\/figure>\n\n\n\n<figure class=\"wp-block-image size-large\"><img decoding=\"async\" src=\"https:\/\/blogger.googleusercontent.com\/img\/b\/R29vZ2xl\/AVvXsEinfoPZYnexykYWTM253ZPCazP7SVU0wnCM_hborpbbg5DA8zGL6xX-ZyytsC7YSnjfAEoNy2a851Xi3KMEAEzdsnTkBJus6j3lo229okBttyp6VPiONuedRn6ifKr6aqVtEokWUu1mCwkAoE86NOnLYjH89pZgO9K3z0TccGH7X-tDQBTceU5DUem8089g\/s600\/IMG_20230501_211415098.jpg\" alt=\"\"\/><\/figure>\n\n\n<div class=\"separator\">De colet\u00e2nea tamb\u00e9m se vive. E vamos n\u00f3s, trazendo agora uma original do selo Elenco. Aqui temos &#8220;Kaleidosc\u00f3pio&#8221;, uma sele\u00e7\u00e3o com doze can\u00e7\u00f5es extra\u00eddas de diferentes discos\/artistas dessa gravadora. Este, na verdade, \u00e9 o segundo volume, o n\u00famero 2. O primeiro eu vou ficar devendo, publicarei numa pr\u00f3xima oportunidade. Teria sido bom se a Elenco tivesse lan\u00e7ado essa colet\u00e2nea em \u00e1lbum duplo, seria bacana, pois como sabemos, o cast dessa gravadora era impec\u00e1vel. Ser\u00e1 que algu\u00e9m tem a lista completa do que foi produzido pela Elenco? Ta\u00ed uma coisa que eu queria saber&#8230;<\/div>\n<div class=\"separator\">\u00a0<\/div>\n<div class=\"separator\">das rosas &#8211; dorival caymmi<\/div>\n<div class=\"separator\">ela \u00e9 carioca &#8211; l\u00facio alves<\/div>\n<div class=\"separator\">consola\u00e7\u00e3o &#8211; nara le\u00e3o<\/div>\n<div class=\"separator\">bolinha de papel &#8211; menescal e seu conjunto<\/div>\n<div class=\"separator\">s\u00f3 tinha de ser com voc\u00ea &#8211; tom jobim<\/div>\n<div class=\"separator\">berimbau &#8211; vin\u00edcius de moraes<\/div>\n<div class=\"separator\">primavera &#8211; sylvia telles<\/div>\n<div class=\"separator\">fim de noite &#8211; maysa<\/div>\n<div class=\"separator\">folha de papel &#8211; sergio ricardo<\/div>\n<div class=\"separator\">\u00a0<\/div>\n<div class=\"separator\">.\u00a0<\/div>","protected":false},"excerpt":{"rendered":"<p>De colet\u00e2nea tamb\u00e9m se vive. E vamos n\u00f3s, trazendo agora uma original do selo Elenco. Aqui temos &#8220;Kaleidosc\u00f3pio&#8221;, uma sele\u00e7\u00e3o com doze can\u00e7\u00f5es extra\u00eddas de diferentes discos\/artistas dessa gravadora. Este, na verdade, \u00e9 o segundo volume, o n\u00famero 2. O &hellip; <a href=\"https:\/\/www.toque-musicall.com\/?p=10193\">Continue lendo <span class=\"meta-nav\">&rarr;<\/span><\/a><\/p>\n","protected":false},"author":1,"featured_media":0,"comment_status":"closed","ping_status":"closed","sticky":false,"template":"","format":"standard","meta":{"footnotes":""},"categories":[1],"tags":[3338],"class_list":["post-10193","post","type-post","status-publish","format-standard","hentry","category-sem-categoria","tag-selo-elenco"],"_links":{"self":[{"href":"https:\/\/www.toque-musicall.com\/index.php?rest_route=\/wp\/v2\/posts\/10193","targetHints":{"allow":["GET"]}}],"collection":[{"href":"https:\/\/www.toque-musicall.com\/index.php?rest_route=\/wp\/v2\/posts"}],"about":[{"href":"https:\/\/www.toque-musicall.com\/index.php?rest_route=\/wp\/v2\/types\/post"}],"author":[{"embeddable":true,"href":"https:\/\/www.toque-musicall.com\/index.php?rest_route=\/wp\/v2\/users\/1"}],"replies":[{"embeddable":true,"href":"https:\/\/www.toque-musicall.com\/index.php?rest_route=%2Fwp%2Fv2%2Fcomments&post=10193"}],"version-history":[{"count":1,"href":"https:\/\/www.toque-musicall.com\/index.php?rest_route=\/wp\/v2\/posts\/10193\/revisions"}],"predecessor-version":[{"id":10195,"href":"https:\/\/www.toque-musicall.com\/index.php?rest_route=\/wp\/v2\/posts\/10193\/revisions\/10195"}],"wp:attachment":[{"href":"https:\/\/www.toque-musicall.com\/index.php?rest_route=%2Fwp%2Fv2%2Fmedia&parent=10193"}],"wp:term":[{"taxonomy":"category","embeddable":true,"href":"https:\/\/www.toque-musicall.com\/index.php?rest_route=%2Fwp%2Fv2%2Fcategories&post=10193"},{"taxonomy":"post_tag","embeddable":true,"href":"https:\/\/www.toque-musicall.com\/index.php?rest_route=%2Fwp%2Fv2%2Ftags&post=10193"}],"curies":[{"name":"wp","href":"https:\/\/api.w.org\/{rel}","templated":true}]}}