{"id":10196,"date":"2024-01-25T18:55:04","date_gmt":"2024-01-25T21:55:04","guid":{"rendered":"https:\/\/www.toque-musicall.com\/?p=10196"},"modified":"2024-01-25T18:55:04","modified_gmt":"2024-01-25T21:55:04","slug":"gente-nova-no1-1974","status":"publish","type":"post","link":"https:\/\/www.toque-musicall.com\/?p=10196","title":{"rendered":"Gente Nova N\u00ba1 (1974)"},"content":{"rendered":"\n<figure class=\"wp-block-image size-large\"><img decoding=\"async\" src=\"https:\/\/blogger.googleusercontent.com\/img\/b\/R29vZ2xl\/AVvXsEhqLjfsoryr4KUKu_gmZ018carSc9SuYyeRbmpjfof2mmXbD73OjtahcvawFG5IY-0u0tzlAJk5nI4SyKTJtaJgF9rwWKVul_B3QYGX9rEVQ_Jk0lLICHFz23pkHIfRBh6oHlUsw7Mnhd7MTx7ziQQA-o6z4XMvkp_JwbiYfbBsQ3QdhNnjxZQkm0ztM-14\/w636-h640\/Capturar.JPG\" alt=\"\"\/><\/figure>\n\n\n\n<figure class=\"wp-block-image size-large\"><img decoding=\"async\" src=\"https:\/\/blogger.googleusercontent.com\/img\/b\/R29vZ2xl\/AVvXsEjq6zC87nAbWmpBWLxXII1fB9TAw49VgH6rF6HIIJyxV2ICEW4dH4rYV1qp2ZKOfntNLkgnC5FBYp9S8RqCAhMzIm9oKhRIJ808CuVxIAh71tCL7HOM6x6NMbJ9qaIjuIUEmhn5qoQCm6noDYTAXHr_GY_5XwQT4ej_KnKS7o9kMP0Z-6QbLdjpUPEO0Zsq\/w640-h634\/Capturarb.JPG\" alt=\"\"\/><\/figure>\n\n\n<div class=\"separator\">Coisa rara de se ver (e tamb\u00e9m ouvir) s\u00e3o as poucas produ\u00e7\u00f5es em 7 polegadas do selo Discos Marcus Pereira. Aqui temos um que at\u00e9 pouco tempo eu nem sabia que existia (colabora\u00e7\u00e3o do amigo Fares). Creio que esses disquinhos n\u00e3o chegaram a mais que uma dezena de t\u00edtulos. E se n\u00e3o me engano tamb\u00e9m, todos s\u00e3o compactos duplos, ou seja, com mais de duas m\u00fasicas. Neste, &#8220;Gente Nova N\u00ba1&#8221;, como a pr\u00f3pria capa indica, traz os novos compositores participantes da I Feira Estudantil do Som, promovida pela TV Bandeirantes, de S\u00e3o Paulo. Uma esp\u00e9cie de festival para novos talentos que aconteceu em 1974. E tamb\u00e9m pelo que se pode notar, deve haver um segundo ou mais compacto da s\u00e9rie &#8220;Gente Nova&#8221;, afinal este \u00e9 o n\u00famero 1 \ud83d\ude42<\/div>\n<div class=\"separator\">\u00a0<\/div>\n<div class=\"separator\">canto corrigido &#8211; h\u00e9lio braz<\/div>\n<div class=\"separator\">samba branco &#8211; eduardo veronezi<\/div>\n<div class=\"separator\">nada na cabe\u00e7a &#8211; jozil<\/div>\n<div class=\"separator\">s\u00f3 tinha besta no nome &#8211; jos\u00e9 dominicone e francisco neves<\/div>\n<div class=\"separator\">\u00a0<\/div>\n<div class=\"separator\">\u00a0<\/div>\n<div class=\"separator\">.<\/div>","protected":false},"excerpt":{"rendered":"<p>Coisa rara de se ver (e tamb\u00e9m ouvir) s\u00e3o as poucas produ\u00e7\u00f5es em 7 polegadas do selo Discos Marcus Pereira. Aqui temos um que at\u00e9 pouco tempo eu nem sabia que existia (colabora\u00e7\u00e3o do amigo Fares). Creio que esses disquinhos &hellip; <a href=\"https:\/\/www.toque-musicall.com\/?p=10196\">Continue lendo <span class=\"meta-nav\">&rarr;<\/span><\/a><\/p>\n","protected":false},"author":1,"featured_media":0,"comment_status":"closed","ping_status":"closed","sticky":false,"template":"","format":"standard","meta":{"footnotes":""},"categories":[1],"tags":[3072,5548,3794],"class_list":["post-10196","post","type-post","status-publish","format-standard","hentry","category-sem-categoria","tag-compactos","tag-gente-nova","tag-selo-marcus-pereira"],"_links":{"self":[{"href":"https:\/\/www.toque-musicall.com\/index.php?rest_route=\/wp\/v2\/posts\/10196","targetHints":{"allow":["GET"]}}],"collection":[{"href":"https:\/\/www.toque-musicall.com\/index.php?rest_route=\/wp\/v2\/posts"}],"about":[{"href":"https:\/\/www.toque-musicall.com\/index.php?rest_route=\/wp\/v2\/types\/post"}],"author":[{"embeddable":true,"href":"https:\/\/www.toque-musicall.com\/index.php?rest_route=\/wp\/v2\/users\/1"}],"replies":[{"embeddable":true,"href":"https:\/\/www.toque-musicall.com\/index.php?rest_route=%2Fwp%2Fv2%2Fcomments&post=10196"}],"version-history":[{"count":1,"href":"https:\/\/www.toque-musicall.com\/index.php?rest_route=\/wp\/v2\/posts\/10196\/revisions"}],"predecessor-version":[{"id":10197,"href":"https:\/\/www.toque-musicall.com\/index.php?rest_route=\/wp\/v2\/posts\/10196\/revisions\/10197"}],"wp:attachment":[{"href":"https:\/\/www.toque-musicall.com\/index.php?rest_route=%2Fwp%2Fv2%2Fmedia&parent=10196"}],"wp:term":[{"taxonomy":"category","embeddable":true,"href":"https:\/\/www.toque-musicall.com\/index.php?rest_route=%2Fwp%2Fv2%2Fcategories&post=10196"},{"taxonomy":"post_tag","embeddable":true,"href":"https:\/\/www.toque-musicall.com\/index.php?rest_route=%2Fwp%2Fv2%2Ftags&post=10196"}],"curies":[{"name":"wp","href":"https:\/\/api.w.org\/{rel}","templated":true}]}}