{"id":102,"date":"2012-03-31T22:28:00","date_gmt":"2012-03-31T22:28:00","guid":{"rendered":"http:\/\/www.toque-musicall.com\/?p=102"},"modified":"2012-03-31T22:28:00","modified_gmt":"2012-03-31T22:28:00","slug":"pequena-historia-do-samba-mis-1968","status":"publish","type":"post","link":"https:\/\/www.toque-musicall.com\/?p=102","title":{"rendered":"Pequena Hist\u00f3ria do Samba &#8211; MIS (1968)"},"content":{"rendered":"<p><a href=\"http:\/\/1.bp.blogspot.com\/-9JHGzdN0NaQ\/T3eFiWoWBgI\/AAAAAAAABXk\/Lvzem6cMeIg\/s1600\/pequena+historia+do+samba+f+P.JPG\"><img decoding=\"async\" alt=\"\" border=\"0\" id=\"BLOGGER_PHOTO_ID_5726192276461716994\" src=\"http:\/\/1.bp.blogspot.com\/-9JHGzdN0NaQ\/T3eFiWoWBgI\/AAAAAAAABXk\/Lvzem6cMeIg\/s400\/pequena+historia+do+samba+f+P.JPG\" style=\"cursor: hand; display: block; height: 400px; margin: 0px auto 10px; text-align: center; width: 394px;\" \/><\/a><br \/><a href=\"http:\/\/1.bp.blogspot.com\/-pnuPbtEOwcs\/T3eFeN4fa4I\/AAAAAAAABXY\/GZxif4kZW3o\/s1600\/pequena+historia+do+samba+bp.JPG\"><img decoding=\"async\" alt=\"\" border=\"0\" id=\"BLOGGER_PHOTO_ID_5726192205394045826\" src=\"http:\/\/1.bp.blogspot.com\/-pnuPbtEOwcs\/T3eFeN4fa4I\/AAAAAAAABXY\/GZxif4kZW3o\/s400\/pequena+historia+do+samba+bp.JPG\" style=\"cursor: hand; display: block; height: 400px; margin: 0px auto 10px; text-align: center; width: 396px;\" \/><\/a>Boa noite, amigos cultos e ocultos! Hoje eu vou ser ainda mais breve. Cheguei tarde e logo j\u00e1 estou de sa\u00edda (para a balada). Portanto, jogo r\u00e1pido, para cumprir tabela&#8230; <\/p>\n<div>Segue aqui o disco do s\u00e1bado, uma colet\u00e2nea lan\u00e7ada pelo Museu da Imagem e do Som, no final dos anos 60. Aqui n\u00f3s encontraremos alguns cl\u00e1ssicos do samba. M\u00fasicas que realmente contam um pouco a hist\u00f3ria deste estilo nato brasileiro. Est\u00e3o reunidos aqui diversos fonogramas da gravadora Odeon, representados por alguns dos mais importantes e expressivos artistas do samba, da m\u00fasica popular brasileira.<\/div>\n<div>Este \u00e9 mais um daqueles discos que todo blog que se preze deve post\u00e1-lo. Como eu prezo muito o Toque Musical, estou numa pressa danada e tinha o dito cujo pronto na gaveta, vamos \u00e0 ele! Quem ainda n\u00e3o o conferiu, a hora \u00e9 agora. Manda v\u00ea&#8230;<\/div>\n<p><\/p>\n<div style=\"text-align: center;\">pelo telefone &#8211; bainao<\/div>\n<div style=\"text-align: center;\">ai yoy\u00f4 &#8211; aracy c\u00f4rtes<\/div>\n<div style=\"text-align: center;\">si voc\u00ea jurar &#8211; francisco alves e m\u00e1rio reis<\/div>\n<div style=\"text-align: center;\">feiti\u00e7o da vila &#8211; jo\u00e3o petra de barros<\/div>\n<div style=\"text-align: center;\">camisa listada &#8211; carmen miranda<\/div>\n<div style=\"text-align: center;\">aquarela do brasil &#8211; francisco alves<\/div>\n<div style=\"text-align: center;\">acertei no milhar &#8211; moreira da silva<\/div>\n<div style=\"text-align: center;\">ai! que saudades da am\u00e9lia &#8211; ataulfo alves<\/div>\n<div style=\"text-align: center;\">copacabana &#8211; dick farney<\/div>\n<div style=\"text-align: center;\">tiradentes &#8211; zezinho<\/div>\n<div style=\"text-align: center;\">desafinado &#8211; jo\u00e3o gilberto<\/div>\n<p><\/p>\n<div style=\"text-align: center;\"><\/div>\n<p><\/p>\n<div><\/div>\n","protected":false},"excerpt":{"rendered":"<p>Boa noite, amigos cultos e ocultos! Hoje eu vou ser ainda mais breve. Cheguei tarde e logo j\u00e1 estou de sa\u00edda (para a balada). Portanto, jogo r\u00e1pido, para cumprir tabela&#8230; Segue aqui o disco do s\u00e1bado, uma colet\u00e2nea lan\u00e7ada pelo &hellip; <a href=\"https:\/\/www.toque-musicall.com\/?p=102\">Continue lendo <span class=\"meta-nav\">&rarr;<\/span><\/a><\/p>\n","protected":false},"author":1,"featured_media":0,"comment_status":"open","ping_status":"closed","sticky":false,"template":"","format":"standard","meta":{"footnotes":""},"categories":[188,189],"tags":[],"class_list":["post-102","post","type-post","status-publish","format-standard","hentry","category-pequena-historia-do-samba-mis","category-selo-mis"],"_links":{"self":[{"href":"https:\/\/www.toque-musicall.com\/index.php?rest_route=\/wp\/v2\/posts\/102","targetHints":{"allow":["GET"]}}],"collection":[{"href":"https:\/\/www.toque-musicall.com\/index.php?rest_route=\/wp\/v2\/posts"}],"about":[{"href":"https:\/\/www.toque-musicall.com\/index.php?rest_route=\/wp\/v2\/types\/post"}],"author":[{"embeddable":true,"href":"https:\/\/www.toque-musicall.com\/index.php?rest_route=\/wp\/v2\/users\/1"}],"replies":[{"embeddable":true,"href":"https:\/\/www.toque-musicall.com\/index.php?rest_route=%2Fwp%2Fv2%2Fcomments&post=102"}],"version-history":[{"count":0,"href":"https:\/\/www.toque-musicall.com\/index.php?rest_route=\/wp\/v2\/posts\/102\/revisions"}],"wp:attachment":[{"href":"https:\/\/www.toque-musicall.com\/index.php?rest_route=%2Fwp%2Fv2%2Fmedia&parent=102"}],"wp:term":[{"taxonomy":"category","embeddable":true,"href":"https:\/\/www.toque-musicall.com\/index.php?rest_route=%2Fwp%2Fv2%2Fcategories&post=102"},{"taxonomy":"post_tag","embeddable":true,"href":"https:\/\/www.toque-musicall.com\/index.php?rest_route=%2Fwp%2Fv2%2Ftags&post=102"}],"curies":[{"name":"wp","href":"https:\/\/api.w.org\/{rel}","templated":true}]}}