{"id":10212,"date":"2024-01-30T18:57:48","date_gmt":"2024-01-30T21:57:48","guid":{"rendered":"https:\/\/www.toque-musicall.com\/?p=10212"},"modified":"2024-01-30T18:57:48","modified_gmt":"2024-01-30T21:57:48","slug":"fafa-lemos-e-luiz-bonfa-bonfafa-1958","status":"publish","type":"post","link":"https:\/\/www.toque-musicall.com\/?p=10212","title":{"rendered":"Faf\u00e1 Lemos E Luiz Bonf\u00e1 &#8211; Bonfaf\u00e1 (1958)"},"content":{"rendered":"\n<figure class=\"wp-block-image size-large\"><img decoding=\"async\" src=\"https:\/\/blogger.googleusercontent.com\/img\/b\/R29vZ2xl\/AVvXsEiq6LvSV-OdaG19g4ytgXTks3mSxDnzKdwPVgRvWdvKsyyKDhHfi883DiAKL1uHIhsetn_Z4P2jU3yUL1ue22sl1Gm-tCnZ2k4sPzEbgFmrd6g1kQ102KK2zbJM9rN9HrN_GduTVT3k4UDNRYZvTEmZl4EtWIE39QqrsJGaNJktnFjFL8wc4Ov1ji0uxuAB\/w640-h634\/Capturar.JPG\" alt=\"\"\/><\/figure>\n\n\n\n<figure class=\"wp-block-image size-large\"><img decoding=\"async\" src=\"https:\/\/blogger.googleusercontent.com\/img\/b\/R29vZ2xl\/AVvXsEgsdw6asWMXwy9VyHam1KrHeuSbyQZEKLW21GXLYqiDhKPUbrV3oeQThj9GaWlLaY6pkR6vxOWH4q0vKKDDhg-SpqOIQT5u_liIJQdbV2SAGKnkvVABlC87VEUSs-wql_Hu8-ww2YU99GWvy_J5sdXsrfv_WlYWH8OowBYDOPstBECREQurPZCMaJs-AmA7\/w638-h640\/Capturarb.JPG\" alt=\"\"\/><\/figure>\n\n\n<div class=\"separator\">Seguimos nesse alternado, desta vez com um lp. E que disco bacana, diga-se de passagem&#8230; Aqui temos dois grandes instrumentistas, Luiz Bonf\u00e1 e Faf\u00e1 Lemos. Um encontro musical da melhor qualidade, momento em que Faf\u00e1 Lemos assinava com a Odeon, permitindo assim esse encontro musical. Para completar, eles vem acompanhados por Ed Lincoln no contrabaixo e Hugo Lander na bateria. O repert\u00f3rio \u00e9 dos mais agrad\u00e1veis, entre sambas e &#8216;standards&#8217; da m\u00fasica americana. S\u00f3 cl\u00e1ssicos&#8230;<\/div>\n<div class=\"separator\">\u00a0<\/div>\n<div class=\"separator\">o apito no samba<\/div>\n<div class=\"separator\">april in paris<\/div>\n<div class=\"separator\">na pavuna<\/div>\n<div class=\"separator\">speak low<\/div>\n<div class=\"separator\">favela<\/div>\n<div class=\"separator\">pastorinhas<\/div>\n<div class=\"separator\">carinhoso<\/div>\n<div class=\"separator\">a voz do morro<\/div>\n<div class=\"separator\">stella by starlight<\/div>\n<div class=\"separator\">tantos anos<\/div>\n<div class=\"separator\">tanto amor<\/div>\n<div class=\"separator\">uma prece<\/div>\n<div class=\"separator\">\u00a0<\/div>\n<div class=\"separator\">\u00a0<\/div>\n<div class=\"separator\">.<\/div>\n<p>&nbsp;<\/p>","protected":false},"excerpt":{"rendered":"<p>Seguimos nesse alternado, desta vez com um lp. E que disco bacana, diga-se de passagem&#8230; Aqui temos dois grandes instrumentistas, Luiz Bonf\u00e1 e Faf\u00e1 Lemos. Um encontro musical da melhor qualidade, momento em que Faf\u00e1 Lemos assinava com a Odeon, &hellip; <a href=\"https:\/\/www.toque-musicall.com\/?p=10212\">Continue lendo <span class=\"meta-nav\">&rarr;<\/span><\/a><\/p>\n","protected":false},"author":1,"featured_media":0,"comment_status":"closed","ping_status":"closed","sticky":false,"template":"","format":"standard","meta":{"footnotes":""},"categories":[1],"tags":[4166,3614,3153],"class_list":["post-10212","post","type-post","status-publish","format-standard","hentry","category-sem-categoria","tag-fafa-lemos","tag-luiz-bonfa","tag-selo-odeon"],"_links":{"self":[{"href":"https:\/\/www.toque-musicall.com\/index.php?rest_route=\/wp\/v2\/posts\/10212","targetHints":{"allow":["GET"]}}],"collection":[{"href":"https:\/\/www.toque-musicall.com\/index.php?rest_route=\/wp\/v2\/posts"}],"about":[{"href":"https:\/\/www.toque-musicall.com\/index.php?rest_route=\/wp\/v2\/types\/post"}],"author":[{"embeddable":true,"href":"https:\/\/www.toque-musicall.com\/index.php?rest_route=\/wp\/v2\/users\/1"}],"replies":[{"embeddable":true,"href":"https:\/\/www.toque-musicall.com\/index.php?rest_route=%2Fwp%2Fv2%2Fcomments&post=10212"}],"version-history":[{"count":1,"href":"https:\/\/www.toque-musicall.com\/index.php?rest_route=\/wp\/v2\/posts\/10212\/revisions"}],"predecessor-version":[{"id":10213,"href":"https:\/\/www.toque-musicall.com\/index.php?rest_route=\/wp\/v2\/posts\/10212\/revisions\/10213"}],"wp:attachment":[{"href":"https:\/\/www.toque-musicall.com\/index.php?rest_route=%2Fwp%2Fv2%2Fmedia&parent=10212"}],"wp:term":[{"taxonomy":"category","embeddable":true,"href":"https:\/\/www.toque-musicall.com\/index.php?rest_route=%2Fwp%2Fv2%2Fcategories&post=10212"},{"taxonomy":"post_tag","embeddable":true,"href":"https:\/\/www.toque-musicall.com\/index.php?rest_route=%2Fwp%2Fv2%2Ftags&post=10212"}],"curies":[{"name":"wp","href":"https:\/\/api.w.org\/{rel}","templated":true}]}}