{"id":10214,"date":"2024-01-31T14:58:10","date_gmt":"2024-01-31T17:58:10","guid":{"rendered":"https:\/\/www.toque-musicall.com\/?p=10214"},"modified":"2024-02-04T15:40:31","modified_gmt":"2024-02-04T18:40:31","slug":"pendulum-1985","status":"publish","type":"post","link":"https:\/\/www.toque-musicall.com\/?p=10214","title":{"rendered":"Pendulum (1985)"},"content":{"rendered":"\n<figure class=\"wp-block-image size-large\"><img decoding=\"async\" src=\"https:\/\/blogger.googleusercontent.com\/img\/b\/R29vZ2xl\/AVvXsEhePftqHS-NpXysr-nb7dNYTQCeQxCwMmVui-7lurbQdc9OX6-hruddPrGo32HCyHXOZz8lrtuZvQHmpgu5oW1VB0VggztHBTyCIGEZii-IpjkuchyphenhyphenqJmS1btqQPSvCR0EuBRVpLH5WVNLMmZPwTMkCuvnn3lu7p0skZXmGTlvGtqpeKI2CFnOI95HKS6aA\/w640-h638\/IMG_20240116_173439946.jpg\" alt=\"\"\/><\/figure>\n\n\n\n<figure class=\"wp-block-image size-large\"><img decoding=\"async\" src=\"https:\/\/blogger.googleusercontent.com\/img\/b\/R29vZ2xl\/AVvXsEh93qLHE4nJHCsDftx-Cadswj8XyETmDMn42Qa-JW85YGo2LduJoA7N3npnX223EaJ-zhVHd09biXnsuWnO0TkZqifzRIzLaGOKoivQPZqxFIYi041j9x7L4PeehLwc1XpgQ2AVOfhHqinHUHoJET7eFh9iQeR0U30ckS1AcbqTVzNsCdEoB-p1OZ6xQHbN\/w640-h638\/IMG_20240116_173449387.jpg\" alt=\"\"\/><\/figure>\n\n\n<div class=\"separator\">Fechando o m\u00eas, aqui vai mais um compacto. Desta vez temos o grupo Pendulum, conjunto formado aqui nas Minas Gerais. N\u00e3o sei se continuam na ativa, mas o Pedulum era um conjunto de bailes formado ainda nos anos 70. Gravaram alguns compactos, mas eu mesmo s\u00f3 conhe\u00e7o dois, sendo este um deles, lan\u00e7ado em 1985 pela RCA. H\u00e1 poucas informa\u00e7\u00f5es sobre eles na internet, juntando com a minha habitual falta de tempo, ficamos (por hora) sem muito a acrescentar. Mas quem sabe num pr\u00f3ximo disco a gente completa isso, n\u00e9? \ud83d\ude42<\/div>\n<div class=\"separator\">\u00a0<\/div>\n<div class=\"separator\">m\u00e1gica livre<\/div>\n<div class=\"separator\">a loura dos assaltos<\/div>\n<p>&nbsp;<\/p>","protected":false},"excerpt":{"rendered":"<p>Fechando o m\u00eas, aqui vai mais um compacto. Desta vez temos o grupo Pendulum, conjunto formado aqui nas Minas Gerais. N\u00e3o sei se continuam na ativa, mas o Pedulum era um conjunto de bailes formado ainda nos anos 70. Gravaram &hellip; <a href=\"https:\/\/www.toque-musicall.com\/?p=10214\">Continue lendo <span class=\"meta-nav\">&rarr;<\/span><\/a><\/p>\n","protected":false},"author":1,"featured_media":0,"comment_status":"closed","ping_status":"closed","sticky":false,"template":"","format":"standard","meta":{"footnotes":""},"categories":[1],"tags":[3072,3523,3040],"class_list":["post-10214","post","type-post","status-publish","format-standard","hentry","category-sem-categoria","tag-compactos","tag-pendulum","tag-selo-rca"],"_links":{"self":[{"href":"https:\/\/www.toque-musicall.com\/index.php?rest_route=\/wp\/v2\/posts\/10214","targetHints":{"allow":["GET"]}}],"collection":[{"href":"https:\/\/www.toque-musicall.com\/index.php?rest_route=\/wp\/v2\/posts"}],"about":[{"href":"https:\/\/www.toque-musicall.com\/index.php?rest_route=\/wp\/v2\/types\/post"}],"author":[{"embeddable":true,"href":"https:\/\/www.toque-musicall.com\/index.php?rest_route=\/wp\/v2\/users\/1"}],"replies":[{"embeddable":true,"href":"https:\/\/www.toque-musicall.com\/index.php?rest_route=%2Fwp%2Fv2%2Fcomments&post=10214"}],"version-history":[{"count":1,"href":"https:\/\/www.toque-musicall.com\/index.php?rest_route=\/wp\/v2\/posts\/10214\/revisions"}],"predecessor-version":[{"id":10215,"href":"https:\/\/www.toque-musicall.com\/index.php?rest_route=\/wp\/v2\/posts\/10214\/revisions\/10215"}],"wp:attachment":[{"href":"https:\/\/www.toque-musicall.com\/index.php?rest_route=%2Fwp%2Fv2%2Fmedia&parent=10214"}],"wp:term":[{"taxonomy":"category","embeddable":true,"href":"https:\/\/www.toque-musicall.com\/index.php?rest_route=%2Fwp%2Fv2%2Fcategories&post=10214"},{"taxonomy":"post_tag","embeddable":true,"href":"https:\/\/www.toque-musicall.com\/index.php?rest_route=%2Fwp%2Fv2%2Ftags&post=10214"}],"curies":[{"name":"wp","href":"https:\/\/api.w.org\/{rel}","templated":true}]}}