{"id":10216,"date":"2024-02-01T15:11:11","date_gmt":"2024-02-01T18:11:11","guid":{"rendered":"https:\/\/www.toque-musicall.com\/?p=10216"},"modified":"2024-02-04T15:45:32","modified_gmt":"2024-02-04T18:45:32","slug":"luiz-americo-meu-mengo-1977","status":"publish","type":"post","link":"https:\/\/www.toque-musicall.com\/?p=10216","title":{"rendered":"Luiz Am\u00e9rico &#8211; Meu Mengo (1977)"},"content":{"rendered":"\n<figure class=\"wp-block-image size-large\"><img decoding=\"async\" src=\"https:\/\/blogger.googleusercontent.com\/img\/b\/R29vZ2xl\/AVvXsEih34VavHxMp3MtviT2nVMdln9WizXYvcjqSkr0VO_2j5o6TP5bZr_PXZMXXSROm-GRlzOb1KrRfvVfxxMz7bjN_MjLQEXdUAJUh-_SiGRffFV6EOGWidK7-SfxYgw_a4v-DnurBFTBpMmj3YNCuz1b7nZdpmx23sFQM01NNZdcGq22XCob7DMJRr0E_Wy_\/w638-h640\/Capturar.JPG\" alt=\"\"\/><\/figure>\n\n\n\n<figure class=\"wp-block-image size-large\"><img decoding=\"async\" src=\"https:\/\/blogger.googleusercontent.com\/img\/b\/R29vZ2xl\/AVvXsEiTn6eLEz5CvCWSes2dEos0blpcJ3VU4P882FgDbes_DvuhI7Rhmzf55rUVdpdUP1NDktE4g4BUQIaFbyelya4O9nZOwqT_ocvbuXtUuFQNrKdzytsfCDrwuqp1sQa6Nd9jNucY7of2nTZGbm6nc3Fd9kgst525S7qZcNQULRAM37sUqjQF5bvnlSA2FpP3\/w640-h640\/Capturarb.JPG\" alt=\"\"\/><\/figure>\n\n\n<div class=\"separator\">H\u00e1 tempos eu n\u00e3o ouvi o Luiz Am\u00e9rico, tamb\u00e9m conhecido como o &#8216;filho da v\u00e9ia&#8217;, muito por conta da can\u00e7\u00e3o que ele fez em parceria com Braguinha, dedicada a sua m\u00e3e. Segundo o pr\u00f3prio artista a m\u00fasica nasceu de um momento inusitado, quando ele encontra a m\u00e3e fumando um charuto e s\u00f3 ent\u00e3o percebe que ela estava incorporada por um caboclo, o que o inspirou a escrever este samba que foi um dos seus maiores sucessos. Outro fato curioso deste disco, tamb\u00e9m envolve sua m\u00e3e. Uma das can\u00e7\u00f5es que iria entrar no disco, feita tamb\u00e9m para a sua ela, acabou sendo censurada, oque o obrigou a trocar por outra. Essa por sua vez seria ent\u00e3o seu grande sucesso, &#8220;Camisa 10&#8221;, de autoria de Luis Wagner e H\u00e9lio Matheus. O lp, &#8220;Meu Mengo&#8221;, foi lan\u00e7ado em 1977 pelo selo Rosicler, da Chantecler e al\u00e9m desses dois grandes sucessos h\u00e1 outros, que elevaram o cantor e compositor ao estrelato.<\/div>\n<div class=\"separator\">\u00a0<\/div>\n<div class=\"separator\">meu mengo<\/div>\n<div class=\"separator\">camisa 10<\/div>\n<div class=\"separator\">desabafo<\/div>\n<div class=\"separator\">vingan\u00e7a do sambista<\/div>\n<div class=\"separator\">filho da v\u00e9ia<\/div>\n<div class=\"separator\">ningu\u00e9m poe a m\u00e3o<\/div>\n<div class=\"separator\">baltazar<\/div>\n<div class=\"separator\">carta de alforria<\/div>\n<div class=\"separator\">casa cheia<\/div>\n<div class=\"separator\">na casa da tia ciata<\/div>\n<div class=\"separator\">feliz da vida<\/div>\n<div class=\"separator\">n\u00e3o cato a quirela<\/div>\n<div class=\"separator\">\u00a0<\/div>\n<div class=\"separator\">\u00a0<\/div>\n<div class=\"separator\">.<\/div>","protected":false},"excerpt":{"rendered":"<p>H\u00e1 tempos eu n\u00e3o ouvi o Luiz Am\u00e9rico, tamb\u00e9m conhecido como o &#8216;filho da v\u00e9ia&#8217;, muito por conta da can\u00e7\u00e3o que ele fez em parceria com Braguinha, dedicada a sua m\u00e3e. Segundo o pr\u00f3prio artista a m\u00fasica nasceu de um &hellip; <a href=\"https:\/\/www.toque-musicall.com\/?p=10216\">Continue lendo <span class=\"meta-nav\">&rarr;<\/span><\/a><\/p>\n","protected":false},"author":1,"featured_media":0,"comment_status":"closed","ping_status":"closed","sticky":false,"template":"","format":"standard","meta":{"footnotes":""},"categories":[1],"tags":[5552,5553],"class_list":["post-10216","post","type-post","status-publish","format-standard","hentry","category-sem-categoria","tag-luiz-americo","tag-selo-rosicler-chantecler"],"_links":{"self":[{"href":"https:\/\/www.toque-musicall.com\/index.php?rest_route=\/wp\/v2\/posts\/10216","targetHints":{"allow":["GET"]}}],"collection":[{"href":"https:\/\/www.toque-musicall.com\/index.php?rest_route=\/wp\/v2\/posts"}],"about":[{"href":"https:\/\/www.toque-musicall.com\/index.php?rest_route=\/wp\/v2\/types\/post"}],"author":[{"embeddable":true,"href":"https:\/\/www.toque-musicall.com\/index.php?rest_route=\/wp\/v2\/users\/1"}],"replies":[{"embeddable":true,"href":"https:\/\/www.toque-musicall.com\/index.php?rest_route=%2Fwp%2Fv2%2Fcomments&post=10216"}],"version-history":[{"count":1,"href":"https:\/\/www.toque-musicall.com\/index.php?rest_route=\/wp\/v2\/posts\/10216\/revisions"}],"predecessor-version":[{"id":10217,"href":"https:\/\/www.toque-musicall.com\/index.php?rest_route=\/wp\/v2\/posts\/10216\/revisions\/10217"}],"wp:attachment":[{"href":"https:\/\/www.toque-musicall.com\/index.php?rest_route=%2Fwp%2Fv2%2Fmedia&parent=10216"}],"wp:term":[{"taxonomy":"category","embeddable":true,"href":"https:\/\/www.toque-musicall.com\/index.php?rest_route=%2Fwp%2Fv2%2Fcategories&post=10216"},{"taxonomy":"post_tag","embeddable":true,"href":"https:\/\/www.toque-musicall.com\/index.php?rest_route=%2Fwp%2Fv2%2Ftags&post=10216"}],"curies":[{"name":"wp","href":"https:\/\/api.w.org\/{rel}","templated":true}]}}