{"id":10219,"date":"2024-02-02T15:31:30","date_gmt":"2024-02-02T18:31:30","guid":{"rendered":"https:\/\/www.toque-musicall.com\/?p=10219"},"modified":"2024-02-04T15:35:27","modified_gmt":"2024-02-04T18:35:27","slug":"alzira-espindola-terra-boa-1983","status":"publish","type":"post","link":"https:\/\/www.toque-musicall.com\/?p=10219","title":{"rendered":"Alzira Esp\u00edndola &#8211; Terra Boa (1983)"},"content":{"rendered":"\n<figure class=\"wp-block-image size-large\"><img decoding=\"async\" src=\"https:\/\/blogger.googleusercontent.com\/img\/b\/R29vZ2xl\/AVvXsEjXWKZHKXXao5HCmh-Nzo7vRdkFkc7FN3EVbrsRJ-EfyFF9wR1IaXyGni6cCqE9CwaO71D8GYJfZZcrz0g-KNska8GOBqxlU7fe1IiS0MoUuhKku4V2vOF2zJNBkJwfOaDa5M27IpxXCkiJ7WR85T9um0G_suJUZcELL-83pUo6CDd6lHlL40jcV_wQY2HZ\/w640-h640\/Capturar.JPG\" alt=\"\"\/><\/figure>\n\n\n\n<figure class=\"wp-block-image size-large\"><img decoding=\"async\" src=\"https:\/\/blogger.googleusercontent.com\/img\/b\/R29vZ2xl\/AVvXsEij-YtBmkbJS84uzCn0fpNTFs-lnWnTF5_pKBGcYFEwTvqHYAYWdHp9QyNtiNOHHX8MW9usdIep0pGPw4dErI7P3sX3KCalzY4AsawFw_VNUuKZacH0wuz_oMAtnhRHvVPfaJXpWSVCgZbb_USQFF9skJnnjX1N6CpXOx5TG5lmPIKtADCyyCykzNxAu7ch\/w638-h640\/Capturarb.JPG\" alt=\"\"\/><\/figure>\n\n\n<div class=\"separator\">Aqui um outro compacto que j\u00e1 espera h\u00e1 tempos para ser postado, o primeiro disco da cantora e compositora Alzira Esp\u00edndola. Na verdade, este foi o compacto lan\u00e7ado de forma independente, em 1983. Seu primeiro lp (j\u00e1 publicado aqui) viria somente quatro anos depois, trazendo, duas composi\u00e7\u00f5es deste compacto duplo, que j\u00e1 nasceu sendo uma raridade.\u00a0<\/div>\n<div class=\"separator\">\u00a0<\/div>\n<div class=\"separator\">terra boa<\/div>\n<div class=\"separator\">nossa senhora do pantanal<\/div>\n<div class=\"separator\">pai da natureza<\/div>\n<div class=\"separator\">luzmarina<\/div>\n<div class=\"separator\">\u00a0<\/div>\n<div class=\"separator\">\u00a0<\/div>\n<div class=\"separator\">.<\/div>\n<div class=\"separator\">\u00a0<\/div>\n<div class=\"separator\">\u00a0<\/div>","protected":false},"excerpt":{"rendered":"<p>Aqui um outro compacto que j\u00e1 espera h\u00e1 tempos para ser postado, o primeiro disco da cantora e compositora Alzira Esp\u00edndola. Na verdade, este foi o compacto lan\u00e7ado de forma independente, em 1983. Seu primeiro lp (j\u00e1 publicado aqui) viria &hellip; <a href=\"https:\/\/www.toque-musicall.com\/?p=10219\">Continue lendo <span class=\"meta-nav\">&rarr;<\/span><\/a><\/p>\n","protected":false},"author":1,"featured_media":0,"comment_status":"closed","ping_status":"closed","sticky":false,"template":"","format":"standard","meta":{"footnotes":""},"categories":[1],"tags":[5554,3072,3017],"class_list":["post-10219","post","type-post","status-publish","format-standard","hentry","category-sem-categoria","tag-alzira-espindola","tag-compactos","tag-selo-independente"],"_links":{"self":[{"href":"https:\/\/www.toque-musicall.com\/index.php?rest_route=\/wp\/v2\/posts\/10219","targetHints":{"allow":["GET"]}}],"collection":[{"href":"https:\/\/www.toque-musicall.com\/index.php?rest_route=\/wp\/v2\/posts"}],"about":[{"href":"https:\/\/www.toque-musicall.com\/index.php?rest_route=\/wp\/v2\/types\/post"}],"author":[{"embeddable":true,"href":"https:\/\/www.toque-musicall.com\/index.php?rest_route=\/wp\/v2\/users\/1"}],"replies":[{"embeddable":true,"href":"https:\/\/www.toque-musicall.com\/index.php?rest_route=%2Fwp%2Fv2%2Fcomments&post=10219"}],"version-history":[{"count":1,"href":"https:\/\/www.toque-musicall.com\/index.php?rest_route=\/wp\/v2\/posts\/10219\/revisions"}],"predecessor-version":[{"id":10220,"href":"https:\/\/www.toque-musicall.com\/index.php?rest_route=\/wp\/v2\/posts\/10219\/revisions\/10220"}],"wp:attachment":[{"href":"https:\/\/www.toque-musicall.com\/index.php?rest_route=%2Fwp%2Fv2%2Fmedia&parent=10219"}],"wp:term":[{"taxonomy":"category","embeddable":true,"href":"https:\/\/www.toque-musicall.com\/index.php?rest_route=%2Fwp%2Fv2%2Fcategories&post=10219"},{"taxonomy":"post_tag","embeddable":true,"href":"https:\/\/www.toque-musicall.com\/index.php?rest_route=%2Fwp%2Fv2%2Ftags&post=10219"}],"curies":[{"name":"wp","href":"https:\/\/api.w.org\/{rel}","templated":true}]}}