{"id":10227,"date":"2024-02-05T19:43:51","date_gmt":"2024-02-05T22:43:51","guid":{"rendered":"https:\/\/www.toque-musicall.com\/?p=10227"},"modified":"2024-02-06T19:45:46","modified_gmt":"2024-02-06T22:45:46","slug":"gerson-conrad-gc-1981","status":"publish","type":"post","link":"https:\/\/www.toque-musicall.com\/?p=10227","title":{"rendered":"Gerson Conrad &#8211; GC (1981)"},"content":{"rendered":"\n<figure class=\"wp-block-image size-large\"><img decoding=\"async\" src=\"https:\/\/blogger.googleusercontent.com\/img\/b\/R29vZ2xl\/AVvXsEiKm6rr2ZukpQ7JifFFVpWTywHLE5eAKVEe_Vkb0bm4U_bV9jrnPjJcFCGiq8ifJUiQW3EZb9wd87xAoMb8PmC-MrqBVWnhk6UQOe-ky9Mp8EXu1VJq2CcPyJxR9r2P_dk1Y0tj8gtE8rulFSuufGXg3T8pR3WDDsJt2RRY0JyALtXEN-1qb7PhUrMjnLIU\/w640-h634\/Capturar.JPG\" alt=\"\"\/><\/figure>\n\n\n\n<figure class=\"wp-block-image size-large\"><img decoding=\"async\" src=\"https:\/\/blogger.googleusercontent.com\/img\/b\/R29vZ2xl\/AVvXsEgA92MpCd78F-U5-IIwvi83UaYbIFlQtGPRxkeTYgDHdul2HFabLBgc4bKnfveX2i1G4k5GInIE7mMjkLHQ2H9c38T9fwk2n9gm5-p6rT19vzRpLfX6v8RjRrYEn0ZlL5MVMn-D6OsSNCxmc8ZYKhgUHH6Ab_Xd4zGWwOJftKldv4LOqCTeGBzvy6DSH7FG\/w640-h640\/Capturarb.JPG\" alt=\"\"\/><\/figure>\n\n\n<div class=\"separator\">Eis aqui um disco que na \u00e9poca de seu lan\u00e7amento pode ter passado batido para muita gente. E isso, penso eu, se deve a capa que ilustra uma cena muito amb\u00edgua. Num r\u00e1pido passar de olhos, principalmente numa estante de loja, a capa nos faz imaginar que se trata de alguma colet\u00e2nea rom\u00e2ntica. N\u00e3o h\u00e1 nenhuma evid\u00eancia al\u00e9m das iniciais do artista. E se n\u00e3o parar e conferir direito, a ta\u00e7a quebrada, o vinho derramado e o que seria GC, n\u00e3o chega a levantar o disco da caixa e olhar curiosamente sua contracapa. E ainda, se n\u00e3o tomar o trabalho de ler e ficar apenas a observar o rapaz bonito estampado sem o reconhecer, ainda assim \u00e9 capaz de achar que se trata de algum Julio Iglesias nacional. Certamente, n\u00e3o \u00e9 nada disso, trata-se apenas da minha suposi\u00e7\u00e3o. GC \u00e9 Gerson Conrad, m\u00fasico paulista que ganhou fama ao lado de Jo\u00e3o Ricardo e Ney Matogrosso, quando juntos formaram um dos mais importantes grupos da m\u00fasica popular brasileira, o sensacional Secos &amp; Molhados. Depois que o grupo acabou, cada um seguiu seu caminho. GC foi o primeiro \u00e1lbum solo, lan\u00e7ado em 1981 pelo selo Continental. Antes, ele j\u00e1 havia lan\u00e7ado um outro lp pela Som Livre com a cantora e atriz Zez\u00e9 Motta. Neste lp de 81 todas as m\u00fasicas s\u00e3o de sua autoria em parceria com o letrista\u00a0 Paulinho Mendon\u00e7a. O que refor\u00e7a minha ideia da capa &#8216;amb\u00edgua&#8217; est\u00e1 tamb\u00e9m no fato de que este disco foi relan\u00e7ado em cd com uma outra capa e com o t\u00edtulo de uma das can\u00e7\u00f5es, &#8220;Rosto Marcado&#8221;. Direto! Desta vez acertaram a coisa. Sem querer desfazer da arte da capa, acho que do cd ficou mais adequada. Ou n\u00e3o? \ud83d\ude42 Independente da capa, o conte\u00fado \u00e9 o que importa. Vamos a ele&#8230;<\/div>\n<div class=\"separator\">\u00a0<\/div>\n<div class=\"separator\">amor amor<\/div>\n<div class=\"separator\">rosto marcado<\/div>\n<div class=\"separator\">semente<\/div>\n<div class=\"separator\">precip\u00edcio<\/div>\n<div class=\"separator\">ave maria<\/div>\n<div class=\"separator\">depois da sess\u00e3o<\/div>\n<div class=\"separator\">o tempo<\/div>\n<div class=\"separator\">fundo do po\u00e7o<\/div>\n<div class=\"separator\">a sede e a fonte<\/div>\n<div class=\"separator\">\u00a0<\/div>\n<div class=\"separator\">\u00a0<\/div>\n<div class=\"separator\">.\u00a0<\/div>","protected":false},"excerpt":{"rendered":"<p>Eis aqui um disco que na \u00e9poca de seu lan\u00e7amento pode ter passado batido para muita gente. E isso, penso eu, se deve a capa que ilustra uma cena muito amb\u00edgua. Num r\u00e1pido passar de olhos, principalmente numa estante de &hellip; <a href=\"https:\/\/www.toque-musicall.com\/?p=10227\">Continue lendo <span class=\"meta-nav\">&rarr;<\/span><\/a><\/p>\n","protected":false},"author":1,"featured_media":0,"comment_status":"closed","ping_status":"closed","sticky":false,"template":"","format":"standard","meta":{"footnotes":""},"categories":[1],"tags":[5558,3327],"class_list":["post-10227","post","type-post","status-publish","format-standard","hentry","category-sem-categoria","tag-gerson-conrad","tag-selo-continental"],"_links":{"self":[{"href":"https:\/\/www.toque-musicall.com\/index.php?rest_route=\/wp\/v2\/posts\/10227","targetHints":{"allow":["GET"]}}],"collection":[{"href":"https:\/\/www.toque-musicall.com\/index.php?rest_route=\/wp\/v2\/posts"}],"about":[{"href":"https:\/\/www.toque-musicall.com\/index.php?rest_route=\/wp\/v2\/types\/post"}],"author":[{"embeddable":true,"href":"https:\/\/www.toque-musicall.com\/index.php?rest_route=\/wp\/v2\/users\/1"}],"replies":[{"embeddable":true,"href":"https:\/\/www.toque-musicall.com\/index.php?rest_route=%2Fwp%2Fv2%2Fcomments&post=10227"}],"version-history":[{"count":1,"href":"https:\/\/www.toque-musicall.com\/index.php?rest_route=\/wp\/v2\/posts\/10227\/revisions"}],"predecessor-version":[{"id":10228,"href":"https:\/\/www.toque-musicall.com\/index.php?rest_route=\/wp\/v2\/posts\/10227\/revisions\/10228"}],"wp:attachment":[{"href":"https:\/\/www.toque-musicall.com\/index.php?rest_route=%2Fwp%2Fv2%2Fmedia&parent=10227"}],"wp:term":[{"taxonomy":"category","embeddable":true,"href":"https:\/\/www.toque-musicall.com\/index.php?rest_route=%2Fwp%2Fv2%2Fcategories&post=10227"},{"taxonomy":"post_tag","embeddable":true,"href":"https:\/\/www.toque-musicall.com\/index.php?rest_route=%2Fwp%2Fv2%2Ftags&post=10227"}],"curies":[{"name":"wp","href":"https:\/\/api.w.org\/{rel}","templated":true}]}}