{"id":10229,"date":"2024-02-06T20:15:14","date_gmt":"2024-02-06T23:15:14","guid":{"rendered":"https:\/\/www.toque-musicall.com\/?p=10229"},"modified":"2024-02-06T20:15:14","modified_gmt":"2024-02-06T23:15:14","slug":"nana-caymmi-1967","status":"publish","type":"post","link":"https:\/\/www.toque-musicall.com\/?p=10229","title":{"rendered":"Nana Caymmi (1967)"},"content":{"rendered":"\n<figure class=\"wp-block-image size-large\"><img decoding=\"async\" src=\"https:\/\/blogger.googleusercontent.com\/img\/b\/R29vZ2xl\/AVvXsEgrSBtp8RITNS_Waqn3mANHJeZgivexEcjggedJZCK8cD6YsYd8-U_EsByle2Keq-HETAGgk9GziNLpEbTvRcQZRppZ-SmHb-6IwE5bKFawznPGF6PK54_rDqmqt_Ajpeky9eprPHRaBQGdlRSV6Jl6bN8oeESZHdXBA6lAqx4r40U8kgXo5ZK6AVmmns5A\/w640-h640\/Front.jpg\" alt=\"\"\/><\/figure>\n\n\n\n<figure class=\"wp-block-image size-large\"><img decoding=\"async\" src=\"https:\/\/blogger.googleusercontent.com\/img\/b\/R29vZ2xl\/AVvXsEjg-inzOICNjIR4pLpNOlZ8qfKwb0K_XEDhmaI5ZNx7td7oVbKMnng3ZCLFjv2prRR6y0p3MObf3ZoNOXq9F0EEgEuhj2UPwviPLeOhC2m8XB-kCA7GKxwjrjFA7FF6Zwf7XJt-xMLe3nD9fo3w-D-iSnSclvBfYv7-X4457fvPQFGtHq9iCDDssp__PoEg\/w640-h640\/Back.jpg\" alt=\"\"\/><\/figure>\n\n\n<div class=\"separator\">Uma das grandes cantoras brasileiras, para mim, est\u00e1 entre as cinco primeiras de sua gera\u00e7\u00e3o. Mas gosto mais por conta do seu timbre, sua voz, sempre cai bem. E isso se deve muito ao repert\u00f3rio, seleto, sempre muito bem escolhido por ela, Nana Caymmi. Este raro compacto da antiga RGE nos traz quatro momentos da cantora interpretando m\u00fasicas que ela defendeu no III Festival da M\u00fasica Popular Brasileira. Uma joinha que vale a pena ter na cole\u00e7\u00e3o.<\/div>\n<div class=\"separator\">\u00a0<\/div>\n<div class=\"separator\">bom dia<\/div>\n<div class=\"separator\">o cantador<\/div>\n<div class=\"separator\">alegria alegria<\/div>\n<div class=\"separator\">o pen\u00faltimo cord\u00e3o<\/div>\n<div class=\"separator\">\u00a0<\/div>\n<div class=\"separator\">\u00a0<\/div>\n<div class=\"separator\">\u00a0<\/div>","protected":false},"excerpt":{"rendered":"<p>Uma das grandes cantoras brasileiras, para mim, est\u00e1 entre as cinco primeiras de sua gera\u00e7\u00e3o. Mas gosto mais por conta do seu timbre, sua voz, sempre cai bem. E isso se deve muito ao repert\u00f3rio, seleto, sempre muito bem escolhido &hellip; <a href=\"https:\/\/www.toque-musicall.com\/?p=10229\">Continue lendo <span class=\"meta-nav\">&rarr;<\/span><\/a><\/p>\n","protected":false},"author":1,"featured_media":0,"comment_status":"closed","ping_status":"closed","sticky":false,"template":"","format":"standard","meta":{"footnotes":""},"categories":[1],"tags":[3072,5559,3091],"class_list":["post-10229","post","type-post","status-publish","format-standard","hentry","category-sem-categoria","tag-compactos","tag-nana-caymmi","tag-selo-rge"],"_links":{"self":[{"href":"https:\/\/www.toque-musicall.com\/index.php?rest_route=\/wp\/v2\/posts\/10229","targetHints":{"allow":["GET"]}}],"collection":[{"href":"https:\/\/www.toque-musicall.com\/index.php?rest_route=\/wp\/v2\/posts"}],"about":[{"href":"https:\/\/www.toque-musicall.com\/index.php?rest_route=\/wp\/v2\/types\/post"}],"author":[{"embeddable":true,"href":"https:\/\/www.toque-musicall.com\/index.php?rest_route=\/wp\/v2\/users\/1"}],"replies":[{"embeddable":true,"href":"https:\/\/www.toque-musicall.com\/index.php?rest_route=%2Fwp%2Fv2%2Fcomments&post=10229"}],"version-history":[{"count":1,"href":"https:\/\/www.toque-musicall.com\/index.php?rest_route=\/wp\/v2\/posts\/10229\/revisions"}],"predecessor-version":[{"id":10230,"href":"https:\/\/www.toque-musicall.com\/index.php?rest_route=\/wp\/v2\/posts\/10229\/revisions\/10230"}],"wp:attachment":[{"href":"https:\/\/www.toque-musicall.com\/index.php?rest_route=%2Fwp%2Fv2%2Fmedia&parent=10229"}],"wp:term":[{"taxonomy":"category","embeddable":true,"href":"https:\/\/www.toque-musicall.com\/index.php?rest_route=%2Fwp%2Fv2%2Fcategories&post=10229"},{"taxonomy":"post_tag","embeddable":true,"href":"https:\/\/www.toque-musicall.com\/index.php?rest_route=%2Fwp%2Fv2%2Ftags&post=10229"}],"curies":[{"name":"wp","href":"https:\/\/api.w.org\/{rel}","templated":true}]}}