{"id":10231,"date":"2024-02-07T19:23:32","date_gmt":"2024-02-07T22:23:32","guid":{"rendered":"https:\/\/www.toque-musicall.com\/?p=10231"},"modified":"2024-02-07T19:23:32","modified_gmt":"2024-02-07T22:23:32","slug":"guilherne-coutinho-e-seu-conjunto-procura-se-1971","status":"publish","type":"post","link":"https:\/\/www.toque-musicall.com\/?p=10231","title":{"rendered":"Guilherne Coutinho E Seu Conjunto &#8211; Procura-se (1971)"},"content":{"rendered":"\n<figure class=\"wp-block-image size-large\"><img decoding=\"async\" src=\"https:\/\/blogger.googleusercontent.com\/img\/b\/R29vZ2xl\/AVvXsEhIweyleNFDqR5BMpdxyZUHOK_dwh6H6xR-8S8X2DdAATMiPnt_HHIQHBz222gQCq7DNq-fz0iuE0DgRrj_MMjcSSCm1kfpQKMcrAuo59jL41isndyoiH31VoxAIHaBB_FeODl3r4BhLp7nMkGHBB8-dCG-vu6kwNtwv_KuOkQ7NucsA64yR0MewBH_qPEI\/w640-h626\/Capturar.JPG\" alt=\"\"\/><\/figure>\n\n\n\n<figure class=\"wp-block-image size-large\"><img decoding=\"async\" src=\"https:\/\/blogger.googleusercontent.com\/img\/b\/R29vZ2xl\/AVvXsEh01GRL0AOmtDwdnFzqtS8JBuUxM1_dafSuFlEuiyD1p9z979lB9lbNz38J2n0cpkSPbl9esiVk4QyCpeaNPpg25ZfwCv7LKJdas-UwUcKcstlMRp3Sjxbp4aMGONZRN3JhBoY2LlgryrpmMq83i7W__IuTjdmQIt9qWwrVuCVUtpk4vYJQj6R5rueGc76m\/w640-h626\/Capturarb.JPG\" alt=\"\"\/><\/figure>\n\n\n<div class=\"separator\">N\u00e3o faz muito tempo, eu postei aqui um disco do m\u00fasico paraense, Guilherme Coutinho. E por conta da pol\u00edtica do momento, n\u00e3o fiz nenhum texto de apresenta\u00e7\u00e3o, considerando o texto de contracapa j\u00e1 explicativo. Tinha adotado essa m\u00e1xima, muito por conta de achar que ningu\u00e9m dava muita bola para o que escrevemos aqui. Mas sei que estou enganado, h\u00e1 muitos atentos e interessados, mesmo quando o texto t\u00e1 fraco. Por certo e na pior das hip\u00f3teses damos o norte&#8230; \ud83d\ude42<\/div>\n<div class=\"separator\">Mas voltando ao Guilherme Coutinho, para os que n\u00e3o sabem, foi um m\u00fasico paraense que atuou durante os anos 60 e 70. Pianista, arranjador e compositor, gravou poucos, mas excelentes discos. Hoje em dia pura raridade, dif\u00edceis de encontrar. Creio que nada chegou a ser relan\u00e7ado, nem mesmo em cd. O que postamos anteriormente foi seu primeiro disco. Somente quatro anos depois viria a lan\u00e7ar este outro, o &#8220;Procura-se&#8221;, pela Chantecler. Disco bacana, com uma pegada bem estilizada, um pop &#8216;brazuca&#8217; refinado com leves pitadas &#8216;jazz\u00edstica&#8217;. Recomendo&#8230;<\/div>\n<div class=\"separator\">\u00a0<\/div>\n<div class=\"separator\">sarav\u00e1 babalaorix\u00e1<\/div>\n<div class=\"separator\">fal\u00eancia<\/div>\n<div class=\"separator\">tributo a mim mesmo<\/div>\n<div class=\"separator\">adios guadalajara<\/div>\n<div class=\"separator\">vai l\u00e1<\/div>\n<div class=\"separator\">crep\u00fasculo<\/div>\n<div class=\"separator\">papa jimmy<\/div>\n<div class=\"separator\">vira broto<\/div>\n<div class=\"separator\">trepadeira<\/div>\n<div class=\"separator\">bar do parque<\/div>\n<div class=\"separator\">baby<\/div>\n<div class=\"separator\">belo kid<\/div>\n<div class=\"separator\">\u00a0<\/div>\n<div class=\"separator\">\u00a0<\/div>","protected":false},"excerpt":{"rendered":"<p>N\u00e3o faz muito tempo, eu postei aqui um disco do m\u00fasico paraense, Guilherme Coutinho. E por conta da pol\u00edtica do momento, n\u00e3o fiz nenhum texto de apresenta\u00e7\u00e3o, considerando o texto de contracapa j\u00e1 explicativo. Tinha adotado essa m\u00e1xima, muito por &hellip; <a href=\"https:\/\/www.toque-musicall.com\/?p=10231\">Continue lendo <span class=\"meta-nav\">&rarr;<\/span><\/a><\/p>\n","protected":false},"author":1,"featured_media":0,"comment_status":"closed","ping_status":"closed","sticky":false,"template":"","format":"standard","meta":{"footnotes":""},"categories":[1],"tags":[5243,3073],"class_list":["post-10231","post","type-post","status-publish","format-standard","hentry","category-sem-categoria","tag-guilherme-coutinho","tag-selo-chantecler"],"_links":{"self":[{"href":"https:\/\/www.toque-musicall.com\/index.php?rest_route=\/wp\/v2\/posts\/10231","targetHints":{"allow":["GET"]}}],"collection":[{"href":"https:\/\/www.toque-musicall.com\/index.php?rest_route=\/wp\/v2\/posts"}],"about":[{"href":"https:\/\/www.toque-musicall.com\/index.php?rest_route=\/wp\/v2\/types\/post"}],"author":[{"embeddable":true,"href":"https:\/\/www.toque-musicall.com\/index.php?rest_route=\/wp\/v2\/users\/1"}],"replies":[{"embeddable":true,"href":"https:\/\/www.toque-musicall.com\/index.php?rest_route=%2Fwp%2Fv2%2Fcomments&post=10231"}],"version-history":[{"count":1,"href":"https:\/\/www.toque-musicall.com\/index.php?rest_route=\/wp\/v2\/posts\/10231\/revisions"}],"predecessor-version":[{"id":10232,"href":"https:\/\/www.toque-musicall.com\/index.php?rest_route=\/wp\/v2\/posts\/10231\/revisions\/10232"}],"wp:attachment":[{"href":"https:\/\/www.toque-musicall.com\/index.php?rest_route=%2Fwp%2Fv2%2Fmedia&parent=10231"}],"wp:term":[{"taxonomy":"category","embeddable":true,"href":"https:\/\/www.toque-musicall.com\/index.php?rest_route=%2Fwp%2Fv2%2Fcategories&post=10231"},{"taxonomy":"post_tag","embeddable":true,"href":"https:\/\/www.toque-musicall.com\/index.php?rest_route=%2Fwp%2Fv2%2Ftags&post=10231"}],"curies":[{"name":"wp","href":"https:\/\/api.w.org\/{rel}","templated":true}]}}