{"id":10235,"date":"2024-02-09T20:45:46","date_gmt":"2024-02-09T23:45:46","guid":{"rendered":"https:\/\/www.toque-musicall.com\/?p=10235"},"modified":"2024-02-09T20:45:46","modified_gmt":"2024-02-09T23:45:46","slug":"orquestra-de-metais-regional-e-coro-misto-sempre-carnaval-colecao-abril-cultural-1967","status":"publish","type":"post","link":"https:\/\/www.toque-musicall.com\/?p=10235","title":{"rendered":"Orquestra De Metais Regional E C\u00f4ro Misto &#8211; Sempre Carnaval &#8211; Cole\u00e7\u00e3o Abril Cultural (1967)"},"content":{"rendered":"\n<p><\/p>\n\n\n\n<figure class=\"wp-block-image size-large\"><img decoding=\"async\" src=\"https:\/\/blogger.googleusercontent.com\/img\/b\/R29vZ2xl\/AVvXsEgq5xEon12v6yBchS7dVkYiCIXy8OPnNv49n3sNFokWYK07Po__kHhDVctAeF6xXp9wVvO6EpL0Q5w5cF7UvE2Hpr5hyIKAxfsBLd7onCG67hhAT9k-OCZMQBWEWODyR3xlrKD1x6X-K0Tobt4iC1iKb3xg6bJrOaWaybapOtEfdGFfrlOeQ902j3KLx87a\/w628-h640\/Capturar.JPG\" alt=\"\"\/><\/figure>\n\n\n\n<figure class=\"wp-block-image size-large\"><img decoding=\"async\" src=\"https:\/\/blogger.googleusercontent.com\/img\/b\/R29vZ2xl\/AVvXsEgoPj8lIRX8qxOosORMgAubChpybHJEAp_nXpjJAwSJnaVDMGAQucWhyphenhyphenkOug4dj6bicot-liUCV42Gp0tFbiLoGIr-SNVPZxHlR8BrTy_n332a4GigNYb0Ti_stcQB8swiPDltWX2-5itzj6YVC_rVyUAMecLTjXaibUCkFbg5CHBvNfriLTz5aLwqcEixj\/w640-h634\/Capturarb.JPG\" alt=\"\"\/><\/figure>\n\n\n<div class=\"separator\">Bom, Carnaval ta\u00ed&#8230; E buscando manter o clima e tra\u00e7ar a trilha, vamos aqui numa overdose musical carnavalesca da melhor qualidade, diga-se logo de entrada. Me lembrei desse velho box lan\u00e7ado pela Abril Cultural, simplesmente uma maravilha em seis volumes tra\u00e7ando a trajet\u00f3ria da m\u00fasica no carnaval desde 1870 at\u00e9 1966, ano em que a cole\u00e7\u00e3o foi lan\u00e7ada. A apresenta\u00e7\u00e3o das m\u00fasicas seguem uma ordem cronol\u00f3gica e dos seis discos, cada dois cabe a um diferente maestro. No caso, seguindo essa ordem temos Rog\u00e9rio Duprat, Portinho e Waldemiro Lenke, tr\u00eas grandes maestros que d\u00e3o aqui o seu recado com orquestra de metais e coro misto.<\/div>\n<div class=\"separator\">Uma coisa que chama a aten\u00e7\u00e3o \u00e9 a qualidade da grava\u00e7\u00e3o desses discos. Grava\u00e7\u00e3o em mono, mas espetacular, d\u00e1 gosto de ouvir em vinil. Outra coisa interessante de notar \u00e9 que boa parte desse cl\u00e1ssico repert\u00f3rio, hoje em dia, est\u00e1 &#8216;cancelado&#8217;, ou seja, s\u00e3o m\u00fasicas cujas letras s\u00e3o consideradas politicamente incorretas, m\u00fasica com conota\u00e7\u00e3o jocosa de cunho sexual, racista, machista, fascista, homof\u00f3bico e tantos outros&#8230; Eu, de c\u00e1, s\u00f3 observo a radicaliza\u00e7\u00e3o dos dois lados. Acho que \u00e9 a primeira vez que fico encima do muro. N\u00e3o briguem comigo, vou continuar amando e cantando esses cancelados.\u00a0<\/div>\n<div class=\"separator\">\u00a0<\/div>\n<div class=\"separator\">z\u00e9 pereira<\/div>\n<div class=\"separator\">\u00f4 abre alas<\/div>\n<div class=\"separator\">vem c\u00e1 mulata<\/div>\n<div class=\"separator\">no bico da chaleira<\/div>\n<div class=\"separator\">pelo telefone<\/div>\n<div class=\"separator\">a baratinha<\/div>\n<div class=\"separator\">o p\u00e9 de anjo<\/div>\n<div class=\"separator\">o fub\u00e1<\/div>\n<div class=\"separator\">zizinha<\/div>\n<div class=\"separator\">ora vejam s\u00f3<\/div>\n<div class=\"separator\">pini\u00e3o<\/div>\n<div class=\"separator\">suspira nega suspira<\/div>\n<div class=\"separator\">d\u00e1 nela<\/div>\n<div class=\"separator\">pra voc\u00ea gostar de mim<\/div>\n<div class=\"separator\">quebra quebra gabiroba<\/div>\n<div class=\"separator\">na pavuna<\/div>\n<div class=\"separator\">com que roupa<\/div>\n<div class=\"separator\">se voc\u00ea jurar<\/div>\n<div class=\"separator\">deixa essa mulher chorar<\/div>\n<div class=\"separator\">a-e-i-o-u<\/div>\n<div class=\"separator\">o teu cabelo n\u00e3o nega<\/div>\n<div class=\"separator\">marchinha do amor<\/div>\n<div class=\"separator\">moreinha da praia<\/div>\n<div class=\"separator\">linda morena<\/div>\n<div class=\"separator\">fita amarela<\/div>\n<div class=\"separator\">formosa<\/div>\n<div class=\"separator\">arrasta sand\u00e1lia<\/div>\n<div class=\"separator\">orvalho vem caindo<\/div>\n<div class=\"separator\">agora \u00e9 cinza<\/div>\n<div class=\"separator\">carolina<\/div>\n<div class=\"separator\">se a lua contasse<\/div>\n<div class=\"separator\">linda lourinha<\/div>\n<div class=\"separator\">implorar<\/div>\n<div class=\"separator\">foi ela<\/div>\n<div class=\"separator\">grau dez<\/div>\n<div class=\"separator\">deixa alua sossegada<\/div>\n<div class=\"separator\">eva querida<\/div>\n<div class=\"separator\">salda portuguesa<\/div>\n<div class=\"separator\">cidade maravilhosa<\/div>\n<div class=\"separator\">\u00e9 bom parar<\/div>\n<div class=\"separator\">pierrot apaixonado<\/div>\n<div class=\"separator\">marchinha do grande galo<\/div>\n<div class=\"separator\">mam\u00e3e eu quero<\/div>\n<div class=\"separator\">lig lig lig l\u00ea<\/div>\n<div class=\"separator\">como vaes voc\u00ea<\/div>\n<div class=\"separator\">periquito verde<\/div>\n<div class=\"separator\">n\u00e3o tenho l\u00e1grimas<\/div>\n<div class=\"separator\">touradas em madrid<\/div>\n<div class=\"separator\">pastorinhas<\/div>\n<div class=\"separator\">hino carnaval brasileiro<\/div>\n<div class=\"separator\">meu consolo \u00e9 voc\u00ea<\/div>\n<div class=\"separator\">jardineira<\/div>\n<div class=\"separator\">upa upa<\/div>\n<div class=\"separator\">caia cai<\/div>\n<div class=\"separator\">helena<\/div>\n<div class=\"separator\">aurora<\/div>\n<div class=\"separator\">ala la o<\/div>\n<div class=\"separator\">ai que saudades da am\u00e9lia<\/div>\n<div class=\"separator\">em\u00edlia<\/div>\n<div class=\"separator\">eu brinco<\/div>\n<div class=\"separator\">n\u00e3o me diga adeus<\/div>\n<div class=\"separator\">general da banda<\/div>\n<div class=\"separator\">daqui n\u00e3o saio<\/div>\n<div class=\"separator\">tomara que chova<\/div>\n<div class=\"separator\">lata d&#8217;agua<\/div>\n<div class=\"separator\">cacha\u00e7a<\/div>\n<div class=\"separator\">sacarolha<\/div>\n<div class=\"separator\">cabeleira do zez\u00e9<\/div>\n<div class=\"separator\">mulata i\u00ea-i\u00ea-i\u00ea<\/div>\n<div class=\"separator\">roubaram a mulher<\/div>\n<div class=\"separator\">tristeza<\/div>\n<div class=\"separator\">mascara negra<\/div>\n<div class=\"separator\">\u00a0<\/div>\n<div class=\"separator\">\u00a0<\/div>\n<div class=\"separator\">.<\/div>\n<div class=\"separator\">\u00a0<\/div>","protected":false},"excerpt":{"rendered":"<p>Bom, Carnaval ta\u00ed&#8230; E buscando manter o clima e tra\u00e7ar a trilha, vamos aqui numa overdose musical carnavalesca da melhor qualidade, diga-se logo de entrada. Me lembrei desse velho box lan\u00e7ado pela Abril Cultural, simplesmente uma maravilha em seis volumes &hellip; <a href=\"https:\/\/www.toque-musicall.com\/?p=10235\">Continue lendo <span class=\"meta-nav\">&rarr;<\/span><\/a><\/p>\n","protected":false},"author":1,"featured_media":0,"comment_status":"closed","ping_status":"closed","sticky":false,"template":"","format":"standard","meta":{"footnotes":""},"categories":[1],"tags":[3458,5563,5564],"class_list":["post-10235","post","type-post","status-publish","format-standard","hentry","category-sem-categoria","tag-carnaval","tag-selo-abril-cultural","tag-sempre-carnaval-colecao-abril-cultural"],"_links":{"self":[{"href":"https:\/\/www.toque-musicall.com\/index.php?rest_route=\/wp\/v2\/posts\/10235","targetHints":{"allow":["GET"]}}],"collection":[{"href":"https:\/\/www.toque-musicall.com\/index.php?rest_route=\/wp\/v2\/posts"}],"about":[{"href":"https:\/\/www.toque-musicall.com\/index.php?rest_route=\/wp\/v2\/types\/post"}],"author":[{"embeddable":true,"href":"https:\/\/www.toque-musicall.com\/index.php?rest_route=\/wp\/v2\/users\/1"}],"replies":[{"embeddable":true,"href":"https:\/\/www.toque-musicall.com\/index.php?rest_route=%2Fwp%2Fv2%2Fcomments&post=10235"}],"version-history":[{"count":1,"href":"https:\/\/www.toque-musicall.com\/index.php?rest_route=\/wp\/v2\/posts\/10235\/revisions"}],"predecessor-version":[{"id":10236,"href":"https:\/\/www.toque-musicall.com\/index.php?rest_route=\/wp\/v2\/posts\/10235\/revisions\/10236"}],"wp:attachment":[{"href":"https:\/\/www.toque-musicall.com\/index.php?rest_route=%2Fwp%2Fv2%2Fmedia&parent=10235"}],"wp:term":[{"taxonomy":"category","embeddable":true,"href":"https:\/\/www.toque-musicall.com\/index.php?rest_route=%2Fwp%2Fv2%2Fcategories&post=10235"},{"taxonomy":"post_tag","embeddable":true,"href":"https:\/\/www.toque-musicall.com\/index.php?rest_route=%2Fwp%2Fv2%2Ftags&post=10235"}],"curies":[{"name":"wp","href":"https:\/\/api.w.org\/{rel}","templated":true}]}}