{"id":1024,"date":"2009-11-13T10:26:00","date_gmt":"2009-11-13T10:26:00","guid":{"rendered":"http:\/\/www.toque-musicall.com\/?p=1024"},"modified":"2009-11-13T10:26:00","modified_gmt":"2009-11-13T10:26:00","slug":"io-festival-brasileiro-de-seresta-1969","status":"publish","type":"post","link":"https:\/\/www.toque-musicall.com\/?p=1024","title":{"rendered":"I\u00ba Festival Brasileiro De Seresta (1969)"},"content":{"rendered":"<p><a href=\"http:\/\/2.bp.blogspot.com\/_DSKVEvHtskc\/Sv01IbjVxaI\/AAAAAAAAFoQ\/Y4eKP2u5CtM\/s1600-h\/I+Festival+da+Seresta+P.JPG\"><img decoding=\"async\" style=\"display:block; margin:0px auto 10px; text-align:center;cursor:pointer; cursor:hand;width: 400px; height: 398px;\" src=\"http:\/\/2.bp.blogspot.com\/_DSKVEvHtskc\/Sv01IbjVxaI\/AAAAAAAAFoQ\/Y4eKP2u5CtM\/s400\/I+Festival+da+Seresta+P.JPG\" border=\"0\" alt=\"\" id=\"BLOGGER_PHOTO_ID_5403533546865673634\" \/><\/a>Chegamos enfim na sexta-feira. Ontem eu acabei deixando alguns de voc\u00eas na fossa, ansiosos para ouvirem a Waleska. Confesso que n\u00e3o sei bem o que andou acontecendo por aqui, mas realmente a &#8216;Maysa&#8217; nos brindou com um link e s\u00f3 no fim do dia percebi que o mesmo n\u00e3o entrou no coment\u00e1rios. Por\u00e9m, o &#8216;Esquecido&#8217;, imediatamente salvou a p\u00e1tria. Outra coisa estranha, o fuso hor\u00e1rio no blog ficou mais maluco do que eu. A postagem entrou como se tivesse sido feita no dia anterior. Fiz a corre\u00e7\u00e3o, republicando a postagem, mas infelizmente perdi os primeiros coment\u00e1rios. Durante a semana acabei, meio sem querer, criando uma altern\u00e2ncia entre cantoras e festivais. Para n\u00e3o perdermos o ritmo, irei seguindo nessa onda. Ao inv\u00e9s de um disco\/artista independente, teremos outro de festival. <\/p>\n<div>Desta vez vamos com este disco intitulado &#8220;I\u00ba Festival Brasileiro de Seresta&#8221;. Curiosamente ir\u00f4nico este nome. At\u00e9 onde eu sei, a seresta \u00e9 um motivo genuinamente nacional. Vai entender o que passou na cabe\u00e7a dos produtores do evento? N\u00e3o importa, vale mesmo \u00e9 que este festival existiu. N\u00e3o encontrei refer\u00eancias a ele na rede, mas tudo leva a crer ter sido realizado em 1969. A grava\u00e7\u00e3o \u00e9 ao vivo e como podemos ver pela capa, participaram como int\u00e9rpretes grandes nomes da nossa m\u00fasica popular. Os compositores, voc\u00eas ver\u00e3o, tamb\u00e9m s\u00e3o figuras de destaque no cen\u00e1rio seresteiro. Segue assim e conforme o texto, as doze j\u00f3ias musicais classificadas. Confiram a\u00ed a raridade&#8230; \ud83d\ude09<\/div>\n<div><\/div>\n<div style=\"text-align: center;\">deusa da seresta &#8211; mauro mendes<\/div>\n<div style=\"text-align: center;\">noite de seresta &#8211; on\u00e9ssimo gomes<\/div>\n<div style=\"text-align: center;\">n\u00f3s dois e uma can\u00e7\u00e3o &#8211; gilberto alves<\/div>\n<div style=\"text-align: center;\">sol na estrada &#8211; antonio jo\u00e3o<\/div>\n<div style=\"text-align: center;\">largo do botic\u00e1rio &#8211; gilberto milfont<\/div>\n<div style=\"text-align: center;\">s\u00faplica de um trovador &#8211; armando nunes<\/div>\n<div style=\"text-align: center;\">a seresta do amor &#8211; carlos galhardo<\/div>\n<div style=\"text-align: center;\">essa mulher n\u00e3o te serve &#8211; jos\u00e9 orlando<\/div>\n<div style=\"text-align: center;\">can\u00e7\u00e3o de nada &#8211; mauro guimar\u00e3es<\/div>\n<div style=\"text-align: center;\">brigas e pazes &#8211; newton teixeira<\/div>\n<div style=\"text-align: center;\">um dia encontrarei &#8211; alcides gerardi<\/div>\n<div style=\"text-align: center;\">saudade do velho rio &#8211; paulo miguel<\/div>\n<div style=\"text-align: center;\"><\/div>\n<div style=\"text-align: center;\"><\/div>\n","protected":false},"excerpt":{"rendered":"<p>Chegamos enfim na sexta-feira. Ontem eu acabei deixando alguns de voc\u00eas na fossa, ansiosos para ouvirem a Waleska. Confesso que n\u00e3o sei bem o que andou acontecendo por aqui, mas realmente a &#8216;Maysa&#8217; nos brindou com um link e s\u00f3 &hellip; <a href=\"https:\/\/www.toque-musicall.com\/?p=1024\">Continue lendo <span class=\"meta-nav\">&rarr;<\/span><\/a><\/p>\n","protected":false},"author":1,"featured_media":0,"comment_status":"open","ping_status":"closed","sticky":false,"template":"","format":"standard","meta":{"footnotes":""},"categories":[278,1302,1303],"tags":[],"class_list":["post-1024","post","type-post","status-publish","format-standard","hentry","category-festivais","category-io-festival-de-seresta-brasileiro","category-variados"],"_links":{"self":[{"href":"https:\/\/www.toque-musicall.com\/index.php?rest_route=\/wp\/v2\/posts\/1024","targetHints":{"allow":["GET"]}}],"collection":[{"href":"https:\/\/www.toque-musicall.com\/index.php?rest_route=\/wp\/v2\/posts"}],"about":[{"href":"https:\/\/www.toque-musicall.com\/index.php?rest_route=\/wp\/v2\/types\/post"}],"author":[{"embeddable":true,"href":"https:\/\/www.toque-musicall.com\/index.php?rest_route=\/wp\/v2\/users\/1"}],"replies":[{"embeddable":true,"href":"https:\/\/www.toque-musicall.com\/index.php?rest_route=%2Fwp%2Fv2%2Fcomments&post=1024"}],"version-history":[{"count":0,"href":"https:\/\/www.toque-musicall.com\/index.php?rest_route=\/wp\/v2\/posts\/1024\/revisions"}],"wp:attachment":[{"href":"https:\/\/www.toque-musicall.com\/index.php?rest_route=%2Fwp%2Fv2%2Fmedia&parent=1024"}],"wp:term":[{"taxonomy":"category","embeddable":true,"href":"https:\/\/www.toque-musicall.com\/index.php?rest_route=%2Fwp%2Fv2%2Fcategories&post=1024"},{"taxonomy":"post_tag","embeddable":true,"href":"https:\/\/www.toque-musicall.com\/index.php?rest_route=%2Fwp%2Fv2%2Ftags&post=1024"}],"curies":[{"name":"wp","href":"https:\/\/api.w.org\/{rel}","templated":true}]}}