{"id":10240,"date":"2024-02-11T16:15:56","date_gmt":"2024-02-11T19:15:56","guid":{"rendered":"https:\/\/www.toque-musicall.com\/?p=10240"},"modified":"2024-02-14T17:05:25","modified_gmt":"2024-02-14T20:05:25","slug":"carnaval-no-rio-1956","status":"publish","type":"post","link":"https:\/\/www.toque-musicall.com\/?p=10240","title":{"rendered":"Carnaval No Rio (1956)"},"content":{"rendered":"\n<figure class=\"wp-block-image size-large\"><img decoding=\"async\" src=\"https:\/\/blogger.googleusercontent.com\/img\/b\/R29vZ2xl\/AVvXsEjsBf7Hrb0pKRCtUOi_qen5N9iRvT0ZvnoGfU-7Rk_KukdAX53o4D4GMITyhrXdJBLeiMvfHa8oHK9mjuuwAh95fWstvj77Vl0k9J6oyj6blnXyUpMtpQ9tKxHqzthZfRhcFVwQJqf7I5IS9kQafgibt_YOdQWFjNXenvVedeUiYBqSMIPnfg3GZTT_vDL6\/w640-h628\/Capturarf.JPG\" alt=\"\"\/><\/figure>\n\n\n\n<figure class=\"wp-block-image size-large\"><img decoding=\"async\" src=\"https:\/\/blogger.googleusercontent.com\/img\/b\/R29vZ2xl\/AVvXsEjNF3kmOUJsBFQvIg4Ca5deoXWSJybJyAlEuVp9X2luRevfTQzl6jRvk3wSeeLrka5F-qal207uZ7sqNAft18ghrir-aEqZ6AkWSkhxyXQOzmudv6u79Fe9FTtvVTCJrEu5rZh3FW0qIWgsUV5x_nelWrU6P7beynu617rh2mufW38s0QQnAwI3Zyttj1Hm\/w640-h628\/Capturarb.JPG\" alt=\"\"\/><\/figure>\n\n\n<div class=\"separator\">No embalo carnavalesco vamos agora trazendo este raro 10 polegadas, lan\u00e7ado em 1956, pelo selo Todamerica. Por certo, um disco para fazer frente ao carnaval daquele ano e apresentando seu leque musical com diferentes artistas de seu &#8216;cast&#8217;. Uma sele\u00e7\u00e3o com sambas e marchas de sucesso daqueles carnavais que j\u00e1 n\u00e3o existem mais&#8230;<\/div>\n<div class=\"separator\">\u00a0<\/div>\n<div class=\"separator\">marcha do golpe &#8211; raul moreno<\/div>\n<div class=\"separator\">sonhei com a tua imagem &#8211; venilton santos<\/div>\n<div class=\"separator\">cara feia &#8211; ivete garcia<\/div>\n<div class=\"separator\">pau d&#8217;agua &#8211; juanita cavalcanti<\/div>\n<div class=\"separator\">vida mansa &#8211; ciro monteiro<\/div>\n<div class=\"separator\">marcha dos canoeiros &#8211; virginia lane<\/div>\n<div class=\"separator\">me empresta teu len\u00e7o &#8211; raul moreno<\/div>\n<div class=\"separator\">um brasileiro em paris &#8211; orlando correia<\/div>\n<div class=\"separator\">\u00a0<\/div>\n<div class=\"separator\">\u00a0<\/div>\n<div class=\"separator\">.<\/div>\n<div class=\"separator\">\u00a0<\/div>\n<div class=\"separator\">\u00a0<\/div>\n\n\n<p><\/p>\n","protected":false},"excerpt":{"rendered":"<p>No embalo carnavalesco vamos agora trazendo este raro 10 polegadas, lan\u00e7ado em 1956, pelo selo Todamerica. Por certo, um disco para fazer frente ao carnaval daquele ano e apresentando seu leque musical com diferentes artistas de seu &#8216;cast&#8217;. Uma sele\u00e7\u00e3o &hellip; <a href=\"https:\/\/www.toque-musicall.com\/?p=10240\">Continue lendo <span class=\"meta-nav\">&rarr;<\/span><\/a><\/p>\n","protected":false},"author":1,"featured_media":0,"comment_status":"closed","ping_status":"closed","sticky":false,"template":"","format":"standard","meta":{"footnotes":""},"categories":[1],"tags":[3710,5568,5569,5572,5197,5573,5567,5571],"class_list":["post-10240","post","type-post","status-publish","format-standard","hentry","category-sem-categoria","tag-ciro-monteiro","tag-ivete-garcia","tag-junita-calvacanti","tag-orlando-correa","tag-raul-moreno","tag-selo-todamerica-3","tag-venilton-santos","tag-virginia-lane"],"_links":{"self":[{"href":"https:\/\/www.toque-musicall.com\/index.php?rest_route=\/wp\/v2\/posts\/10240","targetHints":{"allow":["GET"]}}],"collection":[{"href":"https:\/\/www.toque-musicall.com\/index.php?rest_route=\/wp\/v2\/posts"}],"about":[{"href":"https:\/\/www.toque-musicall.com\/index.php?rest_route=\/wp\/v2\/types\/post"}],"author":[{"embeddable":true,"href":"https:\/\/www.toque-musicall.com\/index.php?rest_route=\/wp\/v2\/users\/1"}],"replies":[{"embeddable":true,"href":"https:\/\/www.toque-musicall.com\/index.php?rest_route=%2Fwp%2Fv2%2Fcomments&post=10240"}],"version-history":[{"count":2,"href":"https:\/\/www.toque-musicall.com\/index.php?rest_route=\/wp\/v2\/posts\/10240\/revisions"}],"predecessor-version":[{"id":10243,"href":"https:\/\/www.toque-musicall.com\/index.php?rest_route=\/wp\/v2\/posts\/10240\/revisions\/10243"}],"wp:attachment":[{"href":"https:\/\/www.toque-musicall.com\/index.php?rest_route=%2Fwp%2Fv2%2Fmedia&parent=10240"}],"wp:term":[{"taxonomy":"category","embeddable":true,"href":"https:\/\/www.toque-musicall.com\/index.php?rest_route=%2Fwp%2Fv2%2Fcategories&post=10240"},{"taxonomy":"post_tag","embeddable":true,"href":"https:\/\/www.toque-musicall.com\/index.php?rest_route=%2Fwp%2Fv2%2Ftags&post=10240"}],"curies":[{"name":"wp","href":"https:\/\/api.w.org\/{rel}","templated":true}]}}