{"id":10244,"date":"2024-02-12T16:55:59","date_gmt":"2024-02-12T19:55:59","guid":{"rendered":"https:\/\/www.toque-musicall.com\/?p=10244"},"modified":"2024-02-14T17:05:55","modified_gmt":"2024-02-14T20:05:55","slug":"carnaval-no-rio-1960","status":"publish","type":"post","link":"https:\/\/www.toque-musicall.com\/?p=10244","title":{"rendered":"Carnaval No Rio (1960)\u00a0"},"content":{"rendered":"\n<figure class=\"wp-block-image size-large\"><img decoding=\"async\" src=\"https:\/\/blogger.googleusercontent.com\/img\/b\/R29vZ2xl\/AVvXsEiMSXMEjvT4wPvZnQ6gqwKg0HCJrkkAlR1CZAfJAARc9paHC_NHgkoy3VvTMMrMjocPXOO40xMewqZJQ4Qi9pCsY8yr3YSLMdklsH0tTTVxeWo-w8FGrMA6JuJnlIAXSacc0KQwgwWU8zrGTV7jJjNASj9TXb7wOh4wh57VCT4Ri689oTdtZAcH3306Md7U\/w640-h628\/capa.jpg\" alt=\"\"\/><\/figure>\n\n\n\n<figure class=\"wp-block-image size-large\"><img decoding=\"async\" src=\"https:\/\/blogger.googleusercontent.com\/img\/b\/R29vZ2xl\/AVvXsEikIGOafRfQe71o2fYzh6Ww6F5UV29NEjTSyo7K6IGcb__4eJQ-uLmUK48sBWI0DxSb1sDR2zcTB53cDzTN6IlnvnU4PRaIzoyfZVmS1iitz6wOBJPjZH6WvzVykh4UxPAYlV0uwlywHOnb5GRHXY31dtmHlNq-cd1Tx5IRxINdO8mVTOPsVIlhrtCuzQSC\/w640-h630\/contra.jpg\" alt=\"\"\/><\/figure>\n\n\n<div class=\"separator\">Para n\u00e3o haver enganos, aqui vai um outro disco de carnaval com o mesmo t\u00edtulo, &#8220;Carnaval no Rio&#8221;, da postagem anterior. Por certo deve haver outros com o mesmo nome, mas o que muda \u00e9 o ano, a gravadora e claro, os artistas e repert\u00f3rio. No caso aqui, temos uma sele\u00e7\u00e3o carnavalesca de 1960, lan\u00e7ada pela Continental e assim como a Todamerica e outras, ela re\u00fane alguns artistas de seu &#8216;cast&#8217; para apresentar a sele\u00e7\u00e3o daquele ano. Nesse, temos uma sele\u00e7\u00e3o muito boa com diversos e alguns raros artistas por aqui&#8230;<\/div>\n<div class=\"separator\">\u00a0<\/div>\n<div class=\"separator\">miss petrolina &#8211; homero marques<\/div>\n<div class=\"separator\">feche a porta &#8211; jamel\u00e3o<\/div>\n<div class=\"separator\">naquela base &#8211; orlando correa<\/div>\n<div class=\"separator\">n\u00e3o quero mais sofrer &#8211; risadinha<\/div>\n<div class=\"separator\">carnaval na rua &#8211; araci costa<\/div>\n<div class=\"separator\">na base do amor &#8211; bill farr<\/div>\n<div class=\"separator\">a tabajara em jo\u00e3o pessoa &#8211; orquestra trabajara<\/div>\n<div class=\"separator\">me dimira muito &#8211; ronald golias<\/div>\n<div class=\"separator\">cacareco \u00e9 o maior &#8211; risadinha<\/div>\n<div class=\"separator\">favela amarela &#8211; araci costa<\/div>\n<div class=\"separator\">nesta eu n\u00e3o vou &#8211; bill farr<\/div>\n<div class=\"separator\">perdi voc\u00ea &#8211; jamel\u00e3o<\/div>\n<div class=\"separator\">vai saudade &#8211; orlando correa<\/div>\n<div class=\"separator\">o crides &#8211; ronald golias<\/div>\n<div class=\"separator\">\u00a0<\/div>\n<div class=\"separator\">\u00a0<\/div>\n<div class=\"separator\">.<\/div>","protected":false},"excerpt":{"rendered":"<p>Para n\u00e3o haver enganos, aqui vai um outro disco de carnaval com o mesmo t\u00edtulo, &#8220;Carnaval no Rio&#8221;, da postagem anterior. Por certo deve haver outros com o mesmo nome, mas o que muda \u00e9 o ano, a gravadora e &hellip; <a href=\"https:\/\/www.toque-musicall.com\/?p=10244\">Continue lendo <span class=\"meta-nav\">&rarr;<\/span><\/a><\/p>\n","protected":false},"author":1,"featured_media":0,"comment_status":"closed","ping_status":"closed","sticky":false,"template":"","format":"standard","meta":{"footnotes":""},"categories":[1],"tags":[5575,4768,5574,3706,5572,3554,5576,3108,4820],"class_list":["post-10244","post","type-post","status-publish","format-standard","hentry","category-sem-categoria","tag-araci-costa","tag-bill-farr","tag-homero-marques","tag-jamelao","tag-orlando-correa","tag-risadinha","tag-ronald-golias","tag-selo-copacabana","tag-severino-araujo-e-sua-orquestra-tabajara"],"_links":{"self":[{"href":"https:\/\/www.toque-musicall.com\/index.php?rest_route=\/wp\/v2\/posts\/10244","targetHints":{"allow":["GET"]}}],"collection":[{"href":"https:\/\/www.toque-musicall.com\/index.php?rest_route=\/wp\/v2\/posts"}],"about":[{"href":"https:\/\/www.toque-musicall.com\/index.php?rest_route=\/wp\/v2\/types\/post"}],"author":[{"embeddable":true,"href":"https:\/\/www.toque-musicall.com\/index.php?rest_route=\/wp\/v2\/users\/1"}],"replies":[{"embeddable":true,"href":"https:\/\/www.toque-musicall.com\/index.php?rest_route=%2Fwp%2Fv2%2Fcomments&post=10244"}],"version-history":[{"count":1,"href":"https:\/\/www.toque-musicall.com\/index.php?rest_route=\/wp\/v2\/posts\/10244\/revisions"}],"predecessor-version":[{"id":10245,"href":"https:\/\/www.toque-musicall.com\/index.php?rest_route=\/wp\/v2\/posts\/10244\/revisions\/10245"}],"wp:attachment":[{"href":"https:\/\/www.toque-musicall.com\/index.php?rest_route=%2Fwp%2Fv2%2Fmedia&parent=10244"}],"wp:term":[{"taxonomy":"category","embeddable":true,"href":"https:\/\/www.toque-musicall.com\/index.php?rest_route=%2Fwp%2Fv2%2Fcategories&post=10244"},{"taxonomy":"post_tag","embeddable":true,"href":"https:\/\/www.toque-musicall.com\/index.php?rest_route=%2Fwp%2Fv2%2Ftags&post=10244"}],"curies":[{"name":"wp","href":"https:\/\/api.w.org\/{rel}","templated":true}]}}