{"id":10246,"date":"2024-02-13T17:06:12","date_gmt":"2024-02-13T20:06:12","guid":{"rendered":"https:\/\/www.toque-musicall.com\/?p=10246"},"modified":"2024-02-14T17:09:47","modified_gmt":"2024-02-14T20:09:47","slug":"carnaval-do-bom-humor-1961","status":"publish","type":"post","link":"https:\/\/www.toque-musicall.com\/?p=10246","title":{"rendered":"Carnaval Do Bom Humor (1961)"},"content":{"rendered":"\n<figure class=\"wp-block-image size-large\"><img decoding=\"async\" src=\"https:\/\/blogger.googleusercontent.com\/img\/b\/R29vZ2xl\/AVvXsEiLwvkHkToGmjaWnHQErkcCxWlaiTALVUaHj0Ld41JccU2VAPmKdZFcp6S9ezOxo5bqacAZ9WXdiFsDusW1lHZnlLxG_rPbp_1hgJw0TqWuIkG7aZoJVe6Qpa4hiSWdLoUmezQGDkGW1w-fa7hQsjcGooDT5Hzkv4vnuZz348QfehRehZtcJfRbbaggph65\/w640-h636\/Capturarf.JPG\" alt=\"\"\/><\/figure>\n\n\n\n<figure class=\"wp-block-image size-large\"><img decoding=\"async\" src=\"https:\/\/blogger.googleusercontent.com\/img\/b\/R29vZ2xl\/AVvXsEjMRJJRCHdFDw1CKyLk9JxQ-SanxrERn-CpJtJpQAs4EMOvSWhv8EKt0Nl3RoZDUj0xlnzbO7RgNtJUGe5reQE483gdpztnSKeXu7Aj03VfSRiyc4s1BtFDBDIKbfPBcVxt5TnRf632CPeAmWeaByj4Blwq-2gbnl3oci9Lm4QPXbj89XRSKeHb_7DAsaXz\/w640-h628\/contracapa.jpg\" alt=\"\"\/><\/figure>\n\n\n<div class=\"separator\">Mais uma curiosidade carnavalesca. Desta vez temos aqui uma sele\u00e7\u00e3o de cantores-humoristas interpretando 16 marchinhas. M\u00fasicas de carnaval, naturalmente, s\u00e3o bem humoradas e neste lp, da Copacabana, lan\u00e7ado para o carnaval de 1961 a ideia era colocar nesta s\u00e9rie de marchinhas as vozes de diferentes artistas do riso, seja do circo, do teatro, do r\u00e1dio, cinema ou televis\u00e3o. Entre as m\u00fasicas escolhidas, ressalta o texto, apenas a m\u00fasica &#8220;O bom menino&#8221;, sucesso do palha\u00e7o Carequinha, foi adaptada para marcha. Participam do disco artistas que hoje poucos h\u00e3o de lembrar, figuras como Carequinha, Arrelia e Pimentinha, Z\u00e9 Pinguinha, Seu Ouvelindo, Fuzarca e Torresmo, Moacyr Franco e Izabel Camargo.<\/div>\n<div class=\"separator\">\u00a0<\/div>\n<div class=\"separator\">o bom menino<\/div>\n<div class=\"separator\">velho bossa nova<\/div>\n<div class=\"separator\">mustaf\u00e1<\/div>\n<div class=\"separator\">o que foi que eu fiz?<\/div>\n<div class=\"separator\">psicoteste<\/div>\n<div class=\"separator\">s\u00f3 tem tan tan<\/div>\n<div class=\"separator\">l\u00e1 em casa todo mundo \u00f3&#8230;<\/div>\n<div class=\"separator\">obrigado, minhas f\u00e3s<\/div>\n<div class=\"separator\">a careca do careca<\/div>\n<div class=\"separator\">seu ouvelindo<\/div>\n<div class=\"separator\">que quero me casar<\/div>\n<div class=\"separator\">t\u00e1 louco seu<\/div>\n<div class=\"separator\">t\u00e1 de colher<\/div>\n<div class=\"separator\">dona didi<\/div>\n<div class=\"separator\">conta de mentiroso<\/div>\n<div class=\"separator\">bicho da cara preta<\/div>\n<div class=\"separator\">\u00a0<\/div>\n<div class=\"separator\">.<\/div>","protected":false},"excerpt":{"rendered":"<p>Mais uma curiosidade carnavalesca. Desta vez temos aqui uma sele\u00e7\u00e3o de cantores-humoristas interpretando 16 marchinhas. M\u00fasicas de carnaval, naturalmente, s\u00e3o bem humoradas e neste lp, da Copacabana, lan\u00e7ado para o carnaval de 1961 a ideia era colocar nesta s\u00e9rie de &hellip; <a href=\"https:\/\/www.toque-musicall.com\/?p=10246\">Continue lendo <span class=\"meta-nav\">&rarr;<\/span><\/a><\/p>\n","protected":false},"author":1,"featured_media":0,"comment_status":"closed","ping_status":"closed","sticky":false,"template":"","format":"standard","meta":{"footnotes":""},"categories":[1],"tags":[5578,4150,3458,5579,5581,3108,5577,5580],"class_list":["post-10246","post","type-post","status-publish","format-standard","hentry","category-sem-categoria","tag-arrelia-e-pimentinha","tag-carequinha","tag-carnaval","tag-fuzarca-e-torresmo","tag-moacyr-franco-e-izabel-camargo","tag-selo-copacabana","tag-seu-ouvelindo","tag-ze-pinguinha"],"_links":{"self":[{"href":"https:\/\/www.toque-musicall.com\/index.php?rest_route=\/wp\/v2\/posts\/10246","targetHints":{"allow":["GET"]}}],"collection":[{"href":"https:\/\/www.toque-musicall.com\/index.php?rest_route=\/wp\/v2\/posts"}],"about":[{"href":"https:\/\/www.toque-musicall.com\/index.php?rest_route=\/wp\/v2\/types\/post"}],"author":[{"embeddable":true,"href":"https:\/\/www.toque-musicall.com\/index.php?rest_route=\/wp\/v2\/users\/1"}],"replies":[{"embeddable":true,"href":"https:\/\/www.toque-musicall.com\/index.php?rest_route=%2Fwp%2Fv2%2Fcomments&post=10246"}],"version-history":[{"count":1,"href":"https:\/\/www.toque-musicall.com\/index.php?rest_route=\/wp\/v2\/posts\/10246\/revisions"}],"predecessor-version":[{"id":10247,"href":"https:\/\/www.toque-musicall.com\/index.php?rest_route=\/wp\/v2\/posts\/10246\/revisions\/10247"}],"wp:attachment":[{"href":"https:\/\/www.toque-musicall.com\/index.php?rest_route=%2Fwp%2Fv2%2Fmedia&parent=10246"}],"wp:term":[{"taxonomy":"category","embeddable":true,"href":"https:\/\/www.toque-musicall.com\/index.php?rest_route=%2Fwp%2Fv2%2Fcategories&post=10246"},{"taxonomy":"post_tag","embeddable":true,"href":"https:\/\/www.toque-musicall.com\/index.php?rest_route=%2Fwp%2Fv2%2Ftags&post=10246"}],"curies":[{"name":"wp","href":"https:\/\/api.w.org\/{rel}","templated":true}]}}