{"id":1026,"date":"2009-11-11T09:06:00","date_gmt":"2009-11-11T09:06:00","guid":{"rendered":"http:\/\/www.toque-musicall.com\/?p=1026"},"modified":"2009-11-11T09:06:00","modified_gmt":"2009-11-11T09:06:00","slug":"anthony-guima-novos-ecos-internacionais-vol-ii-1967","status":"publish","type":"post","link":"https:\/\/www.toque-musicall.com\/?p=1026","title":{"rendered":"Anthony Guima &#8211; Novos Ecos Internacionais Vol. II (1967)"},"content":{"rendered":"<div><a href=\"http:\/\/3.bp.blogspot.com\/_DSKVEvHtskc\/Svp-wLJmtXI\/AAAAAAAAFnY\/u7S4W4W-9VY\/s1600-h\/Novos+Ecos+P.JPG\"><img decoding=\"async\" id=\"BLOGGER_PHOTO_ID_5402770069076227442\" style=\"DISPLAY: block; MARGIN: 0px auto 10px; WIDTH: 400px; CURSOR: hand; HEIGHT: 397px; TEXT-ALIGN: center\" alt=\"\" src=\"http:\/\/3.bp.blogspot.com\/_DSKVEvHtskc\/Svp-wLJmtXI\/AAAAAAAAFnY\/u7S4W4W-9VY\/s400\/Novos+Ecos+P.JPG\" border=\"0\" \/><\/a><\/div>\n<div>\n<div>Putz! Hoje eu estou travado. N\u00e3o fosse o compromisso di\u00e1rio de postagem, eu ficaria apenas no chocolate. Estou sem tempo e sem inspira\u00e7\u00e3o. Mas a dose do dia n\u00e3o pode faltar, n\u00e9 n\u00e3o? <\/div>\n<div>Nesta semana eu iniciei as postagens com um disco do Festival Internacional da Can\u00e7\u00e3o, o qual tem feito muito sucesso. Uma prova de que os festivais de m\u00fasica sempre foram eventos bastante atrativos. Infelizmente, hoje, para muitos empreendedores, os tradicionais concursos musicais n\u00e3o s\u00e3o vistos da mesma forma. Num per\u00edodo de crise para a ind\u00fastria fonogr\u00e1fica, uma boa sa\u00edda seria a volta desses grandes festivais. Quando bem articulados eles esquentam o mercado, agitam e fazem renascer um esp\u00edrito musical competitivo que s\u00f3 se viu em d\u00e9cadas passadas, principalmente na de 60. Um exemplo interessante de como a ind\u00fastria fonogr\u00e1fica soube extrair o sumo, o suco e ainda aproveitar a casca e o baga\u00e7o \u00e9 este disco lan\u00e7ado pela Philips em 1967. Um desdobramento do que foi o I Festival Internacional da Can\u00e7\u00e3o Popular em sua fase internacional no Rio, no ano anterior. Estrat\u00e9gicamente a gravadora criou este que se chama &#8220;Novos Ecos Internacionais&#8221;, aproveitando a onda de sucesso do FIC. O disco pretende atrav\u00e9s de uma interpreta\u00e7\u00e3o apenas instrumental, ou seja da melodia, salientar as qualidades das dez m\u00fasicas classificadas. Segundo o texto de contracapa do lp, algumas delas n\u00e3o foram bem aceitas, chegando mesmo a serem vaiadas. No presente \u00e1lbum temos a interpreta\u00e7\u00e3o por conta de Anthony Guima ao piano, acompanhado por bateria e  contrabaixo. Confesso que n\u00e3o sei quem \u00e9 (ou foi) o tal pianista. Senhores universit\u00e1rios, especialistas e estudiosos da m\u00fasica, fiquem a vontade para comentar e tirar nossas d\u00favidas. No \u00e1lbum est\u00e3o reunidas, al\u00e9m das dez m\u00fasicas internacionais, outras duas faixas que correspondem \u00e0 abertura e encerramento do disco. Em cada m\u00fasica e seu respectivo pa\u00eds de origem, segue abrindo um trecho de outra c\u00e9lebre can\u00e7\u00e3o. Tudo no instrumental, n\u00e3o \u00e9 legal? Confiram a\u00ed<\/div>\n<div> <\/div>\n<p><\/p>\n<div>\n<div style=\"text-align: center;\">abertura: cidade maravilhosa &#8211; trecho de o guarani<\/div>\n<div style=\"text-align: center;\">alemanha &#8211; liechtensteiner polka &#8211; frag&#8217; den wind<\/div>\n<div style=\"text-align: center;\">brasil &#8211; aquarela do brasil &#8211; saveiros<\/div>\n<div style=\"text-align: center;\">fran\u00e7a &#8211; douce france &#8211; l&#8217;amour toujours l&#8217;amour<\/div>\n<div style=\"text-align: center;\">russia &#8211; noites de moscou &#8211; os homens se fazem ao mar<\/div>\n<div style=\"text-align: center;\">jap\u00e3o &#8211; motivo japon\u00eas watashi dakeno anata<\/div>\n<div style=\"text-align: center;\">inglaterra &#8211; yesterday &#8211; gina<\/div>\n<div style=\"text-align: center;\">espanha &#8211; el beso &#8211; un dia llegar\u00e1<\/div>\n<div style=\"text-align: center;\">austria &#8211; dan\u00fabio azul &#8211; geh vorbel<\/div>\n<div style=\"text-align: center;\">estados unidos &#8211; oh suzana &#8211; song of nostalgia<\/div>\n<div style=\"text-align: center;\">portugal &#8211; uma casa portuguesa &#8211; come\u00e7ar de novo<\/div>\n<div style=\"text-align: center;\">encerramento: aquarela do brasil &#8211; a banda &#8211; cidade maravilhosa<\/div>\n<p><\/p>\n<div style=\"TEXT-ALIGN: center\"><\/div>\n<div style=\"TEXT-ALIGN: center\"><\/div>\n<\/div>\n<\/div>\n","protected":false},"excerpt":{"rendered":"<p>Putz! Hoje eu estou travado. N\u00e3o fosse o compromisso di\u00e1rio de postagem, eu ficaria apenas no chocolate. Estou sem tempo e sem inspira\u00e7\u00e3o. Mas a dose do dia n\u00e3o pode faltar, n\u00e9 n\u00e3o? Nesta semana eu iniciei as postagens com &hellip; <a href=\"https:\/\/www.toque-musicall.com\/?p=1026\">Continue lendo <span class=\"meta-nav\">&rarr;<\/span><\/a><\/p>\n","protected":false},"author":1,"featured_media":0,"comment_status":"open","ping_status":"closed","sticky":false,"template":"","format":"standard","meta":{"footnotes":""},"categories":[1304,278],"tags":[],"class_list":["post-1026","post","type-post","status-publish","format-standard","hentry","category-anthony-guima","category-festivais"],"_links":{"self":[{"href":"https:\/\/www.toque-musicall.com\/index.php?rest_route=\/wp\/v2\/posts\/1026","targetHints":{"allow":["GET"]}}],"collection":[{"href":"https:\/\/www.toque-musicall.com\/index.php?rest_route=\/wp\/v2\/posts"}],"about":[{"href":"https:\/\/www.toque-musicall.com\/index.php?rest_route=\/wp\/v2\/types\/post"}],"author":[{"embeddable":true,"href":"https:\/\/www.toque-musicall.com\/index.php?rest_route=\/wp\/v2\/users\/1"}],"replies":[{"embeddable":true,"href":"https:\/\/www.toque-musicall.com\/index.php?rest_route=%2Fwp%2Fv2%2Fcomments&post=1026"}],"version-history":[{"count":0,"href":"https:\/\/www.toque-musicall.com\/index.php?rest_route=\/wp\/v2\/posts\/1026\/revisions"}],"wp:attachment":[{"href":"https:\/\/www.toque-musicall.com\/index.php?rest_route=%2Fwp%2Fv2%2Fmedia&parent=1026"}],"wp:term":[{"taxonomy":"category","embeddable":true,"href":"https:\/\/www.toque-musicall.com\/index.php?rest_route=%2Fwp%2Fv2%2Fcategories&post=1026"},{"taxonomy":"post_tag","embeddable":true,"href":"https:\/\/www.toque-musicall.com\/index.php?rest_route=%2Fwp%2Fv2%2Ftags&post=1026"}],"curies":[{"name":"wp","href":"https:\/\/api.w.org\/{rel}","templated":true}]}}