{"id":10261,"date":"2024-02-19T20:36:36","date_gmt":"2024-02-19T23:36:36","guid":{"rendered":"https:\/\/www.toque-musicall.com\/?p=10261"},"modified":"2024-02-22T20:38:46","modified_gmt":"2024-02-22T23:38:46","slug":"flor-de-cactus-alicerce-da-terra-1982","status":"publish","type":"post","link":"https:\/\/www.toque-musicall.com\/?p=10261","title":{"rendered":"Flor De Cactus &#8211; Alicerce Da Terra (1982)"},"content":{"rendered":"\n<figure class=\"wp-block-image size-large\"><img decoding=\"async\" src=\"https:\/\/blogger.googleusercontent.com\/img\/b\/R29vZ2xl\/AVvXsEjwNtig7qVfJlwDigk6yoe-XBKPzpGmISNisrq1vlIzxHxaHwYA_nqHighTjtQKDe9XxNXhxobLjOlF284DDWUdAiJ0Iq3Ooel00Xn-mbggwNi7crwjYNndkUpwh4OzJLvys7A6G3AjH8St-Nc-F46ZGX72T6Ya705NWvKPYU_NZT4qcI8mI7AJqxHclNs8\/w640-h634\/Capturar.JPG\" alt=\"\"\/><\/figure>\n\n\n\n<figure class=\"wp-block-image size-large\"><img decoding=\"async\" src=\"https:\/\/blogger.googleusercontent.com\/img\/b\/R29vZ2xl\/AVvXsEhas2pvuf62jke-fv-PRs4yHwvZlcQ8G3CYhHTB_1g4Q-hG95W0AR2OHiwdkusQA095cfXULb6rqXsMF7ZpQrf0yUKLBOmEAFGU5g0NfysDt0ndsO8vs32ftx5f5YUE1HxvsHCbAHtZ8vMFA1u9fiz0sf0dLZKaOsLvy3qgHdDYs8TUW0nBw8bGg3zNE8Cs\/w636-h640\/Capturarb.JPG\" alt=\"\"\/><\/figure>\n\n\n<div class=\"separator\">Hoje, temos para voc\u00eas mais um disco do grupo Flor de Cactus. Digo mais um porque este \u00e9 o terceiro disco deles que postamos aqui e tamb\u00e9m \u00e9 o terceiro da carreira, lan\u00e7ado pela RCA, em 1982. Neste e mais uma vez, o grupo demonstra toda sua identidade, num disco com um repert\u00f3rio bacana, como voc\u00eas poder\u00e3o conferir no\u00a0<a href=\"http:\/\/groups.google.com\/group\/toquelinkmusical?hl=3D3Dpt-BR\" target=\"_blank\" rel=\"noopener\">Grupo do Toque Musical<\/a>. Al\u00e9m das composi\u00e7\u00f5es autorais h\u00e1 tamb\u00e9m m\u00fasicas de Gilberto Gil, Alceu Valen\u00e7a, Vinicius Cantuaria, Petrucio Maia e Carlos Pita. Como nos discos anteriores a produ\u00e7\u00e3o \u00e9 de Leno. Confiram&#8230;<\/div>\n<div class=\"separator\">\u00a0<\/div>\n<div class=\"separator\">alicerce da terra<\/div>\n<div class=\"separator\">serena<\/div>\n<div class=\"separator\">momento cora\u00e7\u00e3o<\/div>\n<div class=\"separator\">chuva de vento<\/div>\n<div class=\"separator\">p\u00e1ssaro amarelo<\/div>\n<div class=\"separator\">movimento das aguas<\/div>\n<div class=\"separator\">margarida<\/div>\n<div class=\"separator\">chororo<\/div>\n<div class=\"separator\">sonho lunar<\/div>\n<div class=\"separator\">mar de s\u00e3o jo\u00e3o<\/div>\n<div class=\"separator\">o que dizer ao menino<\/div>\n<div class=\"separator\">\u00a0<\/div>\n<div class=\"separator\">\u00a0<\/div>\n<div class=\"separator\">.<\/div>","protected":false},"excerpt":{"rendered":"<p>Hoje, temos para voc\u00eas mais um disco do grupo Flor de Cactus. Digo mais um porque este \u00e9 o terceiro disco deles que postamos aqui e tamb\u00e9m \u00e9 o terceiro da carreira, lan\u00e7ado pela RCA, em 1982. Neste e mais &hellip; <a href=\"https:\/\/www.toque-musicall.com\/?p=10261\">Continue lendo <span class=\"meta-nav\">&rarr;<\/span><\/a><\/p>\n","protected":false},"author":1,"featured_media":0,"comment_status":"closed","ping_status":"closed","sticky":false,"template":"","format":"standard","meta":{"footnotes":""},"categories":[1],"tags":[3581,3040],"class_list":["post-10261","post","type-post","status-publish","format-standard","hentry","category-sem-categoria","tag-flor-de-cactus","tag-selo-rca"],"_links":{"self":[{"href":"https:\/\/www.toque-musicall.com\/index.php?rest_route=\/wp\/v2\/posts\/10261","targetHints":{"allow":["GET"]}}],"collection":[{"href":"https:\/\/www.toque-musicall.com\/index.php?rest_route=\/wp\/v2\/posts"}],"about":[{"href":"https:\/\/www.toque-musicall.com\/index.php?rest_route=\/wp\/v2\/types\/post"}],"author":[{"embeddable":true,"href":"https:\/\/www.toque-musicall.com\/index.php?rest_route=\/wp\/v2\/users\/1"}],"replies":[{"embeddable":true,"href":"https:\/\/www.toque-musicall.com\/index.php?rest_route=%2Fwp%2Fv2%2Fcomments&post=10261"}],"version-history":[{"count":1,"href":"https:\/\/www.toque-musicall.com\/index.php?rest_route=\/wp\/v2\/posts\/10261\/revisions"}],"predecessor-version":[{"id":10262,"href":"https:\/\/www.toque-musicall.com\/index.php?rest_route=\/wp\/v2\/posts\/10261\/revisions\/10262"}],"wp:attachment":[{"href":"https:\/\/www.toque-musicall.com\/index.php?rest_route=%2Fwp%2Fv2%2Fmedia&parent=10261"}],"wp:term":[{"taxonomy":"category","embeddable":true,"href":"https:\/\/www.toque-musicall.com\/index.php?rest_route=%2Fwp%2Fv2%2Fcategories&post=10261"},{"taxonomy":"post_tag","embeddable":true,"href":"https:\/\/www.toque-musicall.com\/index.php?rest_route=%2Fwp%2Fv2%2Ftags&post=10261"}],"curies":[{"name":"wp","href":"https:\/\/api.w.org\/{rel}","templated":true}]}}