{"id":10269,"date":"2024-02-22T15:27:06","date_gmt":"2024-02-22T18:27:06","guid":{"rendered":"https:\/\/www.toque-musicall.com\/?p=10269"},"modified":"2024-02-24T15:27:30","modified_gmt":"2024-02-24T18:27:30","slug":"dalva-de-oliveria-parabens-belem-1966","status":"publish","type":"post","link":"https:\/\/www.toque-musicall.com\/?p=10269","title":{"rendered":"Dalva De Oliveria &#8211; Parab\u00e9ns Bel\u00e9m (1966)\u00a0"},"content":{"rendered":"\n<figure class=\"wp-block-image size-large\"><img decoding=\"async\" src=\"https:\/\/blogger.googleusercontent.com\/img\/b\/R29vZ2xl\/AVvXsEhl5EsmJ7JvlRpq29k_-fMQy5_DXfz5VCzee_IjI3vlXo4JfQSeP_yuo56tZ4_wnMs3_1zWBKn9m08CIdTuuYtGYInn6abDIXIgb8mLhgmtZdqZlVLiOeeBqk3lVJlmKsKCuZ3TRNFVdRrHWPoQzCE8AmfZJS44HMf7igTvNO0KSPxSBBGtiLrMhBahp3j0\/w638-h640\/Capturar.JPG\" alt=\"\"\/><\/figure>\n\n\n\n<figure class=\"wp-block-image size-large\"><img decoding=\"async\" src=\"https:\/\/blogger.googleusercontent.com\/img\/b\/R29vZ2xl\/AVvXsEh3J-XTxr1Lhv5nqrGyFd1JNWYl9MIssFEotJSB5qu5GAgwlNLiDOiMzemkuGyAZJXgZf_ltCkIImq_qGqGa8-NSsMSdj3OGAiSfVP9lqj8pVzMo-tFiKUPjgLSkByWqJQ6nJWgjl2DPVbO6Pl369-hbcGaZjoGDupHHMSRKCOl-yNJI9_WTsmDdH7p5Gd1\/w640-h586\/Capturarb.JPG\" alt=\"\"\/><\/figure>\n\n\n<div class=\"separator\">H\u00e1 tempos atr\u00e1s algu\u00e9m me enviou os arquivos deste curioso e raro compacto com a cantora Dalva de Oliveira, disquinho este que at\u00e9 ent\u00e3o eu n\u00e3o conhecia. Trata-se de um lan\u00e7amento promovido por uma antiga e famosa loja de departamento, a Radiolux (tipo Mappin, Mesbla, Casas Bahia&#8230;), que existia em Bel\u00e9m do Par\u00e1, comemorando os 350 anos da cidade, naquele ano de 1966. Segundo contam, a composi\u00e7\u00e3o principal do disquinho, &#8220;Parab\u00e9ns Bel\u00e9m&#8221;, \u00e9 uma homenagem \u00e0 cidade, de autoria dos propriet\u00e1rios das Lojas Radiolux. Certamente, a produ\u00e7\u00e3o foi limitada e assim poucos devem ter ouvido ou conhecer essa raridade. O compacto simples foi gravado por Dalva de Oliveira quando atuava pelo selo Odeon, em 1966. Nesta \u00e9poca, Dalva ainda se recuperava do terr\u00edvel acidente de transito que vitimou quatro pessoas, sendo que ela tamb\u00e9m se machucou bastante. Ela retomaria a carreira e ao p\u00fablico de verdade, no in\u00edcio dos anos 70. Portanto, este compacto, para a grande maioria de n\u00f3s, era at\u00e9 ent\u00e3o um trabalho obscuro. Para os que n\u00e3o conhecem, confiram no GTM&#8230;<\/div>\n<div class=\"separator\">\u00a0<\/div>\n<div class=\"separator\">parab\u00e9ns, bel\u00e9m<\/div>\n<div class=\"separator\">consagra\u00e7\u00e3o do samba<\/div>\n<div class=\"separator\">\u00a0<\/div>\n<div class=\"separator\">\u00a0<\/div>\n<div class=\"separator\">\u00a0<\/div>\n<div class=\"separator\">.<\/div>\n<div class=\"separator\">\u00a0<\/div>","protected":false},"excerpt":{"rendered":"<p>H\u00e1 tempos atr\u00e1s algu\u00e9m me enviou os arquivos deste curioso e raro compacto com a cantora Dalva de Oliveira, disquinho este que at\u00e9 ent\u00e3o eu n\u00e3o conhecia. Trata-se de um lan\u00e7amento promovido por uma antiga e famosa loja de departamento, &hellip; <a href=\"https:\/\/www.toque-musicall.com\/?p=10269\">Continue lendo <span class=\"meta-nav\">&rarr;<\/span><\/a><\/p>\n","protected":false},"author":1,"featured_media":0,"comment_status":"closed","ping_status":"closed","sticky":false,"template":"","format":"standard","meta":{"footnotes":""},"categories":[1],"tags":[3072,3653,3153],"class_list":["post-10269","post","type-post","status-publish","format-standard","hentry","category-sem-categoria","tag-compactos","tag-dalva-de-oliveira","tag-selo-odeon"],"_links":{"self":[{"href":"https:\/\/www.toque-musicall.com\/index.php?rest_route=\/wp\/v2\/posts\/10269","targetHints":{"allow":["GET"]}}],"collection":[{"href":"https:\/\/www.toque-musicall.com\/index.php?rest_route=\/wp\/v2\/posts"}],"about":[{"href":"https:\/\/www.toque-musicall.com\/index.php?rest_route=\/wp\/v2\/types\/post"}],"author":[{"embeddable":true,"href":"https:\/\/www.toque-musicall.com\/index.php?rest_route=\/wp\/v2\/users\/1"}],"replies":[{"embeddable":true,"href":"https:\/\/www.toque-musicall.com\/index.php?rest_route=%2Fwp%2Fv2%2Fcomments&post=10269"}],"version-history":[{"count":1,"href":"https:\/\/www.toque-musicall.com\/index.php?rest_route=\/wp\/v2\/posts\/10269\/revisions"}],"predecessor-version":[{"id":10270,"href":"https:\/\/www.toque-musicall.com\/index.php?rest_route=\/wp\/v2\/posts\/10269\/revisions\/10270"}],"wp:attachment":[{"href":"https:\/\/www.toque-musicall.com\/index.php?rest_route=%2Fwp%2Fv2%2Fmedia&parent=10269"}],"wp:term":[{"taxonomy":"category","embeddable":true,"href":"https:\/\/www.toque-musicall.com\/index.php?rest_route=%2Fwp%2Fv2%2Fcategories&post=10269"},{"taxonomy":"post_tag","embeddable":true,"href":"https:\/\/www.toque-musicall.com\/index.php?rest_route=%2Fwp%2Fv2%2Ftags&post=10269"}],"curies":[{"name":"wp","href":"https:\/\/api.w.org\/{rel}","templated":true}]}}