{"id":10273,"date":"2024-02-25T20:11:15","date_gmt":"2024-02-25T23:11:15","guid":{"rendered":"https:\/\/www.toque-musicall.com\/?p=10273"},"modified":"2024-02-26T20:13:23","modified_gmt":"2024-02-26T23:13:23","slug":"irio-de-paula-saudade-do-brasil-1981","status":"publish","type":"post","link":"https:\/\/www.toque-musicall.com\/?p=10273","title":{"rendered":"Irio De Paula &#8211; Saudade Do Brasil (1981)"},"content":{"rendered":"\n<figure class=\"wp-block-image size-large\"><img decoding=\"async\" src=\"https:\/\/blogger.googleusercontent.com\/img\/b\/R29vZ2xl\/AVvXsEjFMzfYHsEMG1l4I-qz4ZQlp3grPf4UpHtAmDKgdCDdRGkfezIvGgD_AXXvitfFztd_kDbDn-lBD_Z2BJxOYwbkKgcsdcBl80ZcoIt8Nm7Lc7_DL85hoWsKkYDc43toWlQnsrXSrIwVEbYFqTKPecKdZZbH258FosYiWZEiR2zpX4yrNfG8quXnSCU1H-sW\/w640-h626\/Capturar.JPG\" alt=\"\"\/><\/figure>\n\n\n\n<figure class=\"wp-block-image size-large\"><img decoding=\"async\" src=\"https:\/\/blogger.googleusercontent.com\/img\/b\/R29vZ2xl\/AVvXsEhreihiAhvcYRbc2AvDXzMj5ezvPcS1hGB071vIaWkavMGb6NjSg0QF-VWZNOWZKRxGKTgoBpdVx0KGmnj4huikOiau8y0OWc8rtVxa2Z3CrRJfhQEnPmsMMcYjt8kx32pwK7gBN2FwquM8UUQu4ZHVZNtdb9070Ja8VmGZDNlEGuUJZL0gmrbCyTkjxHaX\/w640-h624\/Capturarb.JPG\" alt=\"\"\/><\/figure>\n\n\n<div class=\"separator\">Hoje e mais uma vez temos aqui um artista que poucos devem conhecer ou lembrar, o violonista e compositor Irio de Paula. Relembrando nossa apresenta\u00e7\u00e3o em um outro post que h\u00e1 tempos fizemos aqui no Toque Musical, Irio de Paula foi um renomado guitarrista de jazz europeu. Tocou com in\u00fameros e n\u00e3o menos famosos m\u00fasicos de v\u00e1rias partes do mundo. Tem em seu curr\u00edculo discogr\u00e1fico mais de 60 trabalhos, praticamente quase tudo lan\u00e7ado s\u00f3 l\u00e1 fora. Nos anos 70 esteve na Europa acompanhado a cantora Elza Soares e por l\u00e1 ficou, estabelecendo resid\u00eancia na Italia por 45 anos. Faleceu no Rio de Janeiro, cidade natal, em 2017, aos 78 anos.<\/div>\n<div class=\"separator\">Entre seus muitos discos, apareceu este aqui, arquivo enviado por amigos deste lp do artista, lan\u00e7ado na It\u00e1lia, em 1981. O \u00e1lbum se chama &#8220;Saudade do Brasil&#8221; e claro, traz um repert\u00f3rio com algumas das mais emblem\u00e1ticas m\u00fasicas brasileiras, reconhecidas internacionalmente e que refletem bem essa saudade, principalmente para um m\u00fasico brasileiro como foi Irio de Paula. Confiram no GTM&#8230;<\/div>\n<div class=\"separator\">\u00a0<\/div>\n<div class=\"separator\">deve ser amor<\/div>\n<div class=\"separator\">ponteio<\/div>\n<div class=\"separator\">rosa morena<\/div>\n<div class=\"separator\">nordeste<\/div>\n<div class=\"separator\">odeon<\/div>\n<div class=\"separator\">upa negrinho<\/div>\n<div class=\"separator\">tudo se transformou<\/div>\n<div class=\"separator\">samba em prel\u00fadio<\/div>\n<div class=\"separator\">sambou sambou<\/div>\n<div class=\"separator\">eva<\/div>\n<div class=\"separator\">a felicidade<\/div>\n<div class=\"separator\">\u00a0<\/div>\n<div class=\"separator\">\u00a0<\/div>\n<div class=\"separator\">.<\/div>","protected":false},"excerpt":{"rendered":"<p>Hoje e mais uma vez temos aqui um artista que poucos devem conhecer ou lembrar, o violonista e compositor Irio de Paula. Relembrando nossa apresenta\u00e7\u00e3o em um outro post que h\u00e1 tempos fizemos aqui no Toque Musical, Irio de Paula &hellip; <a href=\"https:\/\/www.toque-musicall.com\/?p=10273\">Continue lendo <span class=\"meta-nav\">&rarr;<\/span><\/a><\/p>\n","protected":false},"author":1,"featured_media":0,"comment_status":"closed","ping_status":"closed","sticky":false,"template":"","format":"standard","meta":{"footnotes":""},"categories":[1],"tags":[3266,5589,5590],"class_list":["post-10273","post","type-post","status-publish","format-standard","hentry","category-sem-categoria","tag-internacional","tag-irio-de-paula","tag-selo-folkstudio"],"_links":{"self":[{"href":"https:\/\/www.toque-musicall.com\/index.php?rest_route=\/wp\/v2\/posts\/10273","targetHints":{"allow":["GET"]}}],"collection":[{"href":"https:\/\/www.toque-musicall.com\/index.php?rest_route=\/wp\/v2\/posts"}],"about":[{"href":"https:\/\/www.toque-musicall.com\/index.php?rest_route=\/wp\/v2\/types\/post"}],"author":[{"embeddable":true,"href":"https:\/\/www.toque-musicall.com\/index.php?rest_route=\/wp\/v2\/users\/1"}],"replies":[{"embeddable":true,"href":"https:\/\/www.toque-musicall.com\/index.php?rest_route=%2Fwp%2Fv2%2Fcomments&post=10273"}],"version-history":[{"count":1,"href":"https:\/\/www.toque-musicall.com\/index.php?rest_route=\/wp\/v2\/posts\/10273\/revisions"}],"predecessor-version":[{"id":10274,"href":"https:\/\/www.toque-musicall.com\/index.php?rest_route=\/wp\/v2\/posts\/10273\/revisions\/10274"}],"wp:attachment":[{"href":"https:\/\/www.toque-musicall.com\/index.php?rest_route=%2Fwp%2Fv2%2Fmedia&parent=10273"}],"wp:term":[{"taxonomy":"category","embeddable":true,"href":"https:\/\/www.toque-musicall.com\/index.php?rest_route=%2Fwp%2Fv2%2Fcategories&post=10273"},{"taxonomy":"post_tag","embeddable":true,"href":"https:\/\/www.toque-musicall.com\/index.php?rest_route=%2Fwp%2Fv2%2Ftags&post=10273"}],"curies":[{"name":"wp","href":"https:\/\/api.w.org\/{rel}","templated":true}]}}