{"id":10279,"date":"2024-02-28T20:19:16","date_gmt":"2024-02-28T23:19:16","guid":{"rendered":"https:\/\/www.toque-musicall.com\/?p=10279"},"modified":"2024-02-28T20:19:16","modified_gmt":"2024-02-28T23:19:16","slug":"silvia-1967","status":"publish","type":"post","link":"https:\/\/www.toque-musicall.com\/?p=10279","title":{"rendered":"Silvia (1967)"},"content":{"rendered":"\n<figure class=\"wp-block-image size-large\"><img decoding=\"async\" src=\"https:\/\/blogger.googleusercontent.com\/img\/b\/R29vZ2xl\/AVvXsEgUmbZKKhPVCL21D1RrRuzN7qwcbeshnVUVcWsTt8J67fLoq3m49q_tT0EkOdVxxY3RixqhAiP0txRWnL_lGpsVr2FhVKpEoYpNU9mkYQamsiTZpIasamjpDz3oG3X_vvy9wTUGDQMONn49NCmEYN-pbELntkydr9xnDYtam9nA3s1G2FQBeU3Q5u1iVY5F\/w640-h640\/Capturar.JPG\" alt=\"\"\/><\/figure>\n\n\n\n<figure class=\"wp-block-image size-large\"><img decoding=\"async\" src=\"https:\/\/blogger.googleusercontent.com\/img\/b\/R29vZ2xl\/AVvXsEgE4GYWSu6FiWcGIA-p-ov_xLRW8QWKNhs_XKLpL649ncGI3jBEiwLVhM3KFxHFmOxzmKF7iVW0VI4jgwofHyaRfFMerlVrOheie3IQa6HC6S7Rr0JXXuIrN98IsF6UnVFbsS3XuVCdXR5iF_joEncbeUrtiGtwCz7U6o2Aqt4cJUahO6B7Xcgi27xj97sG\/w638-h640\/Capturarb.JPG\" alt=\"\"\/><\/figure>\n\n\n<div class=\"separator\">Ainda vamos neste rod\u00edzio fonomusical alternando entre um lp e um compacto. Em breve, abriremos tamb\u00e9m para os cd&#8217;s, afinal, como j\u00e1 dissemos outras vezes, muita produ\u00e7\u00e3o musical a partir dos anos 90 foi \u00f3rf\u00e3 do vinil, n\u00e3o tiveram a oportunidade de serem verdadeiramente um \u00e1lbum, um lp&#8230;<\/div>\n<div class=\"separator\">Mas deixemos de conversa e vamos logo apresentando o disquinho de hoje, um compacto duplo, o primeiro disco da cantora Silvinha. Disco este que j\u00e1 sinalizava para o primeiro lp, que viria em seguida, gra\u00e7as ao sucesso deste 7 polegadas que tem&#8230;<\/div>\n<div class=\"separator\">\u00a0<\/div>\n<div class=\"separator\">minha primeira desilus\u00e3o<\/div>\n<div class=\"separator\">ri melhor quem ri por \u00faltimo<\/div>\n<div class=\"separator\">nunca mais<\/div>\n<div class=\"separator\">a gatinha<\/div>\n<div class=\"separator\">\u00a0<\/div>\n<div class=\"separator\">\u00a0<\/div>\n<div class=\"separator\">\u00a0<\/div>\n<div class=\"separator\">.<\/div>","protected":false},"excerpt":{"rendered":"<p>Ainda vamos neste rod\u00edzio fonomusical alternando entre um lp e um compacto. Em breve, abriremos tamb\u00e9m para os cd&#8217;s, afinal, como j\u00e1 dissemos outras vezes, muita produ\u00e7\u00e3o musical a partir dos anos 90 foi \u00f3rf\u00e3 do vinil, n\u00e3o tiveram a &hellip; <a href=\"https:\/\/www.toque-musicall.com\/?p=10279\">Continue lendo <span class=\"meta-nav\">&rarr;<\/span><\/a><\/p>\n","protected":false},"author":1,"featured_media":0,"comment_status":"closed","ping_status":"closed","sticky":false,"template":"","format":"standard","meta":{"footnotes":""},"categories":[1],"tags":[3072,3153,3471],"class_list":["post-10279","post","type-post","status-publish","format-standard","hentry","category-sem-categoria","tag-compactos","tag-selo-odeon","tag-silvinha"],"_links":{"self":[{"href":"https:\/\/www.toque-musicall.com\/index.php?rest_route=\/wp\/v2\/posts\/10279","targetHints":{"allow":["GET"]}}],"collection":[{"href":"https:\/\/www.toque-musicall.com\/index.php?rest_route=\/wp\/v2\/posts"}],"about":[{"href":"https:\/\/www.toque-musicall.com\/index.php?rest_route=\/wp\/v2\/types\/post"}],"author":[{"embeddable":true,"href":"https:\/\/www.toque-musicall.com\/index.php?rest_route=\/wp\/v2\/users\/1"}],"replies":[{"embeddable":true,"href":"https:\/\/www.toque-musicall.com\/index.php?rest_route=%2Fwp%2Fv2%2Fcomments&post=10279"}],"version-history":[{"count":1,"href":"https:\/\/www.toque-musicall.com\/index.php?rest_route=\/wp\/v2\/posts\/10279\/revisions"}],"predecessor-version":[{"id":10280,"href":"https:\/\/www.toque-musicall.com\/index.php?rest_route=\/wp\/v2\/posts\/10279\/revisions\/10280"}],"wp:attachment":[{"href":"https:\/\/www.toque-musicall.com\/index.php?rest_route=%2Fwp%2Fv2%2Fmedia&parent=10279"}],"wp:term":[{"taxonomy":"category","embeddable":true,"href":"https:\/\/www.toque-musicall.com\/index.php?rest_route=%2Fwp%2Fv2%2Fcategories&post=10279"},{"taxonomy":"post_tag","embeddable":true,"href":"https:\/\/www.toque-musicall.com\/index.php?rest_route=%2Fwp%2Fv2%2Ftags&post=10279"}],"curies":[{"name":"wp","href":"https:\/\/api.w.org\/{rel}","templated":true}]}}