{"id":1028,"date":"2009-11-09T10:29:00","date_gmt":"2009-11-09T10:29:00","guid":{"rendered":"http:\/\/www.toque-musicall.com\/?p=1028"},"modified":"2009-11-09T10:29:00","modified_gmt":"2009-11-09T10:29:00","slug":"v-festival-internacional-da-cancao-popular-rio-1970","status":"publish","type":"post","link":"https:\/\/www.toque-musicall.com\/?p=1028","title":{"rendered":"V Festival Internacional Da Can\u00e7\u00e3o Popular-Rio (1970)"},"content":{"rendered":"<p><a href=\"http:\/\/4.bp.blogspot.com\/_DSKVEvHtskc\/SvfvT2yXyII\/AAAAAAAAFnA\/0UcVTic0MOw\/s1600-h\/Festival+Rio+P.JPG\"><img decoding=\"async\" style=\"display:block; margin:0px auto 10px; text-align:center;cursor:pointer; cursor:hand;width: 400px; height: 398px;\" src=\"http:\/\/4.bp.blogspot.com\/_DSKVEvHtskc\/SvfvT2yXyII\/AAAAAAAAFnA\/0UcVTic0MOw\/s400\/Festival+Rio+P.JPG\" border=\"0\" alt=\"\" id=\"BLOGGER_PHOTO_ID_5402049402457540738\" \/><\/a>Bom dia! Como sempre por aqui, uma coisa leva a outra. S\u00e1bado eu havia postado aquele disco de samba rock, o Rock Bamba e nele havia a faixa &#8220;Eu tamb\u00e9m quero mocot\u00f3&#8221; com o S.A.M. (Sociedade dos Amigos do Mocot\u00f3) e a Banda Veneno do Erlon Chaves. Me lembrei que esta m\u00fasica tamb\u00e9m esteve presente no V Festival Internacional da Can\u00e7\u00e3o Popular de 1970. Da\u00ed resolvi resgatar o \u00e1lbum para podermos relembrar de mais algumas. Neste, temos as m\u00fasicas vencedoras e uma sele\u00e7\u00e3o das favoritas da parte internacional do concurso. Do Brasil entrou com a j\u00e1 citada &#8220;Eu quero mocot\u00f3&#8221; com Erlon Chaves no comando da sua Banda Veneno e mais de 40 pessoas que fizeram parte do c\u00f4ro (a Sociedade Amigos do Mocot\u00f3). A outra m\u00fasica \u00e9 BR-3, de Antonio Adolfo e Tiberio Gaspar, aqui apresentada por Gerson Combo e a Orquestra Som Bateau. N\u00e3o entendi bem o motivo desta grava\u00e7\u00e3o, mas acho que BR-3 foi defendida pelo Toni Tornado. Nas outras doze faixas temos os representantes internacionais. Confiram a\u00ed o toque&#8230;<\/p>\n<div><\/div>\n<div style=\"text-align: center;\">argentina &#8211; pedro nadie &#8211; pero<\/div>\n<div style=\"text-align: center;\">brasil &#8211; br-3 &#8211; gerson combo &#038; orquestra som bateau<\/div>\n<div style=\"text-align: center;\">su\u00e9cia &#8211; det ljuva livet &#8211; sylvie schneider<\/div>\n<div style=\"text-align: center;\">gr\u00e9cia &#8211; georges is sly &#8211; marinella<\/div>\n<div style=\"text-align: center;\">b\u00e9lgica &#8211; who can tell me my name &#8211; music machine<\/div>\n<div style=\"text-align: center;\">inglaterra &#8211; out of the darkness &#8211; vincent deal<\/div>\n<div style=\"text-align: center;\">the best man &#8211; rocky shahan<\/div>\n<div style=\"text-align: center;\">brasil &#8211; eu tamb\u00e9m quero mocot\u00f3 &#8211; s.a.m. &#038; banda veneno de erlon chaves<\/div>\n<div style=\"text-align: center;\">fran\u00e7a &#8211; et pourtant c&#8217;est vrai &#8211; michelle olivier<\/div>\n<div style=\"text-align: center;\">canad\u00e1 &#8211; put it off till september &#8211; les amis<\/div>\n<div style=\"text-align: center;\">m\u00f4naco &#8211; rire ou pleurer &#8211; michele torr<\/div>\n<div style=\"text-align: center;\">it\u00e1lia &#8211; tu non sei piu innamorato di me &#8211; diva paoli<\/div>\n<div style=\"text-align: center;\">espanha &#8211; elizabeth &#8211; nino bravo<\/div>\n<div style=\"text-align: center;\">holanda &#8211; just be you &#8211; rita heyes<\/div>\n<div style=\"text-align: center;\"><\/div>\n<div style=\"text-align: center;\"><\/div>\n","protected":false},"excerpt":{"rendered":"<p>Bom dia! Como sempre por aqui, uma coisa leva a outra. S\u00e1bado eu havia postado aquele disco de samba rock, o Rock Bamba e nele havia a faixa &#8220;Eu tamb\u00e9m quero mocot\u00f3&#8221; com o S.A.M. (Sociedade dos Amigos do Mocot\u00f3) &hellip; <a href=\"https:\/\/www.toque-musicall.com\/?p=1028\">Continue lendo <span class=\"meta-nav\">&rarr;<\/span><\/a><\/p>\n","protected":false},"author":1,"featured_media":0,"comment_status":"open","ping_status":"closed","sticky":false,"template":"","format":"standard","meta":{"footnotes":""},"categories":[1307,433,278,1306,146,1305],"tags":[],"class_list":["post-1028","post","type-post","status-publish","format-standard","hentry","category-banda-veneno","category-erlon-chaves","category-festivais","category-gerson-combo","category-selo-polydor","category-v-festival-internacional-da-cancao-popular-rio-1970"],"_links":{"self":[{"href":"https:\/\/www.toque-musicall.com\/index.php?rest_route=\/wp\/v2\/posts\/1028","targetHints":{"allow":["GET"]}}],"collection":[{"href":"https:\/\/www.toque-musicall.com\/index.php?rest_route=\/wp\/v2\/posts"}],"about":[{"href":"https:\/\/www.toque-musicall.com\/index.php?rest_route=\/wp\/v2\/types\/post"}],"author":[{"embeddable":true,"href":"https:\/\/www.toque-musicall.com\/index.php?rest_route=\/wp\/v2\/users\/1"}],"replies":[{"embeddable":true,"href":"https:\/\/www.toque-musicall.com\/index.php?rest_route=%2Fwp%2Fv2%2Fcomments&post=1028"}],"version-history":[{"count":0,"href":"https:\/\/www.toque-musicall.com\/index.php?rest_route=\/wp\/v2\/posts\/1028\/revisions"}],"wp:attachment":[{"href":"https:\/\/www.toque-musicall.com\/index.php?rest_route=%2Fwp%2Fv2%2Fmedia&parent=1028"}],"wp:term":[{"taxonomy":"category","embeddable":true,"href":"https:\/\/www.toque-musicall.com\/index.php?rest_route=%2Fwp%2Fv2%2Fcategories&post=1028"},{"taxonomy":"post_tag","embeddable":true,"href":"https:\/\/www.toque-musicall.com\/index.php?rest_route=%2Fwp%2Fv2%2Ftags&post=1028"}],"curies":[{"name":"wp","href":"https:\/\/api.w.org\/{rel}","templated":true}]}}