{"id":10281,"date":"2024-02-29T16:20:06","date_gmt":"2024-02-29T19:20:06","guid":{"rendered":"https:\/\/www.toque-musicall.com\/?p=10281"},"modified":"2024-03-02T16:22:17","modified_gmt":"2024-03-02T19:22:17","slug":"ricardo-vilas-locomotiva-1985","status":"publish","type":"post","link":"https:\/\/www.toque-musicall.com\/?p=10281","title":{"rendered":"Ricardo Vilas &#8211; Locomotiva (1985)"},"content":{"rendered":"\n<figure class=\"wp-block-image size-large\"><img decoding=\"async\" src=\"https:\/\/blogger.googleusercontent.com\/img\/b\/R29vZ2xl\/AVvXsEjbb5r6-o4BAf1wiu54iAVihfMKLq2veNvYiKOkT-Szgu0LMDmoFf3jRxPAx6GJZpKI-3T_lHh1MjQ1lnPo1G7Qg9fs7hxn3xAx7ehEswKymfnfJPARqHbJwsNesw-ApSDZ8m6kT4pAncs3q6shfmMLINPfhopZuCNoQ3EjuGTz4mbX__8B4sb-vwXPhEzP\/w602-h640\/ri.JPG\" alt=\"\"\/><\/figure>\n\n\n\n<figure class=\"wp-block-image size-large\"><img decoding=\"async\" src=\"https:\/\/blogger.googleusercontent.com\/img\/b\/R29vZ2xl\/AVvXsEjyuyD4YWSvROua5txOy5BXW82gVSGwO46NvqdYDRa2izsbiAsq0wBJ9V2Y1ia39yX2ap1XARpBWr-vdpjWDaTxOjyen0l_CatMW2Z9QEnvn1Bx_VG_-YgNYJilu95gcuGWVELTkrtAO_3WAobserlgcrwiIT_CPSCH3lAP97v5Eq4Bm5Rs1LyDuVQUT1Y7\/w634-h640\/ria.JPG\" alt=\"\"\/><\/figure>\n\n\n<div class=\"separator\">Seguindo em nossa colcha de retalhos fonogr\u00e1ficos e complementando nosso acervo de curiosidades fonomusicais, temos desta vez o lp &#8220;Locomotiva&#8221;, do cantor, compositor e instrumentista Ricardo Vilas. J\u00e1 postamos outros discos com ele, cuja trajet\u00f3ria art\u00edstica vem desde os anos 60. Se destaca como integrante do quarteto vocal Momentoquatro, no qual tamb\u00e9m faziam parte Z\u00e9 Rodrix, Maur\u00edcio Maestro e David Tygel. Nesta \u00e9poca, Ricardo tamb\u00e9m era estudante de Psicologia e foi preso por conta da sua atua\u00e7\u00e3o pol\u00edtica contra o regime militar. Se livrou da pris\u00e3o por fazer parte do grupo que foi liberado em troca do embaixador americano Charles Elbrick que havia sido sequestrado por um grupo da luta armada. Foi ent\u00e3o exilado na Fran\u00e7a, onde viveu por quase dez anos e ainda hoje mant\u00e9m um v\u00ednculo muito forte com aquele pa\u00eds. Formou dupla com a cantora Teca Calazans com quem trabalhou at\u00e9 o in\u00edcio dos anos 80. &#8220;Locomotiva&#8221; foi seu primeiro disco solo, lan\u00e7ado de forma independente. Um trabalho totalmente autoral, exceto pela faixa &#8220;Expresso 2222&#8221;, de Gilberto Gil.\u00a0<\/div>\n<div class=\"separator\">\u00a0<\/div>\n<div class=\"separator\">cord\u00e3o de prata<\/div>\n<div class=\"separator\">novo rom\u00e2ntico<\/div>\n<div class=\"separator\">flor de l\u00e3<\/div>\n<div class=\"separator\">fruto generoso<\/div>\n<div class=\"separator\">feiticeira<\/div>\n<div class=\"separator\">expresso 2222<\/div>\n<div class=\"separator\">nuvem<\/div>\n<div class=\"separator\">locomotiva<\/div>\n<div class=\"separator\">a formiga<\/div>\n<div class=\"separator\">paradorxal<\/div>\n<div class=\"separator\">os astronautas<\/div>\n<div class=\"separator\">\u00a0<\/div>","protected":false},"excerpt":{"rendered":"<p>Seguindo em nossa colcha de retalhos fonogr\u00e1ficos e complementando nosso acervo de curiosidades fonomusicais, temos desta vez o lp &#8220;Locomotiva&#8221;, do cantor, compositor e instrumentista Ricardo Vilas. J\u00e1 postamos outros discos com ele, cuja trajet\u00f3ria art\u00edstica vem desde os anos &hellip; <a href=\"https:\/\/www.toque-musicall.com\/?p=10281\">Continue lendo <span class=\"meta-nav\">&rarr;<\/span><\/a><\/p>\n","protected":false},"author":1,"featured_media":0,"comment_status":"closed","ping_status":"closed","sticky":false,"template":"","format":"standard","meta":{"footnotes":""},"categories":[1],"tags":[3681,3017],"class_list":["post-10281","post","type-post","status-publish","format-standard","hentry","category-sem-categoria","tag-ricardo-vilas","tag-selo-independente"],"_links":{"self":[{"href":"https:\/\/www.toque-musicall.com\/index.php?rest_route=\/wp\/v2\/posts\/10281","targetHints":{"allow":["GET"]}}],"collection":[{"href":"https:\/\/www.toque-musicall.com\/index.php?rest_route=\/wp\/v2\/posts"}],"about":[{"href":"https:\/\/www.toque-musicall.com\/index.php?rest_route=\/wp\/v2\/types\/post"}],"author":[{"embeddable":true,"href":"https:\/\/www.toque-musicall.com\/index.php?rest_route=\/wp\/v2\/users\/1"}],"replies":[{"embeddable":true,"href":"https:\/\/www.toque-musicall.com\/index.php?rest_route=%2Fwp%2Fv2%2Fcomments&post=10281"}],"version-history":[{"count":1,"href":"https:\/\/www.toque-musicall.com\/index.php?rest_route=\/wp\/v2\/posts\/10281\/revisions"}],"predecessor-version":[{"id":10282,"href":"https:\/\/www.toque-musicall.com\/index.php?rest_route=\/wp\/v2\/posts\/10281\/revisions\/10282"}],"wp:attachment":[{"href":"https:\/\/www.toque-musicall.com\/index.php?rest_route=%2Fwp%2Fv2%2Fmedia&parent=10281"}],"wp:term":[{"taxonomy":"category","embeddable":true,"href":"https:\/\/www.toque-musicall.com\/index.php?rest_route=%2Fwp%2Fv2%2Fcategories&post=10281"},{"taxonomy":"post_tag","embeddable":true,"href":"https:\/\/www.toque-musicall.com\/index.php?rest_route=%2Fwp%2Fv2%2Ftags&post=10281"}],"curies":[{"name":"wp","href":"https:\/\/api.w.org\/{rel}","templated":true}]}}