{"id":10283,"date":"2024-03-01T18:04:10","date_gmt":"2024-03-01T21:04:10","guid":{"rendered":"https:\/\/www.toque-musicall.com\/?p=10283"},"modified":"2024-03-02T18:11:18","modified_gmt":"2024-03-02T21:11:18","slug":"geninho-lima-vida-virada-198","status":"publish","type":"post","link":"https:\/\/www.toque-musicall.com\/?p=10283","title":{"rendered":"Geninho Lima &#8211; Vida Virada (198&#8230;)"},"content":{"rendered":"\n<figure class=\"wp-block-image size-large\"><img decoding=\"async\" src=\"https:\/\/blogger.googleusercontent.com\/img\/b\/R29vZ2xl\/AVvXsEgcCu01LXgaYajYu_JQSTdELtF-czGVjnzfhclOlx3Ln3fwExnKoRyQRzPKqP8bZONjk6F9LPKtgXY9jf9Wi_jRyTccw_vZ28f7GOzXUkUSgirqAKo0XBHDb_iRGuPUBaJi-WnQJJlxhfCMxXOjhs_syDV0oa1SdyLAmSWEGbho7VSy_AE9fujTqDUuTt8R\/w628-h640\/Capturar.JPG\" alt=\"\"\/><\/figure>\n\n\n\n<figure class=\"wp-block-image size-large\"><img decoding=\"async\" src=\"https:\/\/blogger.googleusercontent.com\/img\/b\/R29vZ2xl\/AVvXsEhwXsHJMyQ_Z3KIcs11zBmgh-1eQkYP6FiyGaD5ArF4BkFp-z8IBg74fY4abF3vMbJ7qqy7J7IbxDQ8X0HnWD0842DMvH9ckwcW-F9HKboi0x23h0f1tk5Ofc-O6Y0sXM9JWFFiFHMvJuI8mcnu_wCyJYxW5g1x9p2tSWOxs4_JwWfPgnBvK5DYVia2znU0\/w640-h640\/Capturarb.JPG\" alt=\"\"\/><\/figure>\n\n\n<div class=\"separator\">Hoje estive ouvindo este disquinho compacto do guitarrista e compositor mineiro Geninho Lima. J\u00e1 postamos dele um lp, em outro momento e eu nem me lembrava. O m\u00fasico esteve muito atuante naqueles anos 80 aqui em Minas. Produziu muita coisa, gravou v\u00e1rios discos solo, inclusive este compacto simples que n\u00e3o sabemos precisar bem a data. Geninho \u00e9 filho da famosa cantora l\u00edrica mineira Wanda Werneck. Ele tem um canal no Youtube com alguns clipes. Parece que montou uma loja para compra e venda de equipamentos musicais. Mas seus discos continuam circulando nas lojinhas e bancas de discos aqui de Belo Horizonte.<\/div>\n<div class=\"separator\">\u00a0<\/div>\n<div class=\"separator\">vida virada<\/div>\n<div class=\"separator\">puro para\u00edso<\/div>\n<div class=\"separator\">\u00a0<\/div>\n<div class=\"separator\">\u00a0<\/div>\n<div class=\"separator\">.<\/div>","protected":false},"excerpt":{"rendered":"<p>Hoje estive ouvindo este disquinho compacto do guitarrista e compositor mineiro Geninho Lima. J\u00e1 postamos dele um lp, em outro momento e eu nem me lembrava. O m\u00fasico esteve muito atuante naqueles anos 80 aqui em Minas. Produziu muita coisa, &hellip; <a href=\"https:\/\/www.toque-musicall.com\/?p=10283\">Continue lendo <span class=\"meta-nav\">&rarr;<\/span><\/a><\/p>\n","protected":false},"author":1,"featured_media":0,"comment_status":"closed","ping_status":"closed","sticky":false,"template":"","format":"standard","meta":{"footnotes":""},"categories":[1],"tags":[3072,5594,5595],"class_list":["post-10283","post","type-post","status-publish","format-standard","hentry","category-sem-categoria","tag-compactos","tag-geninho-lima","tag-selo-jg-studio"],"_links":{"self":[{"href":"https:\/\/www.toque-musicall.com\/index.php?rest_route=\/wp\/v2\/posts\/10283","targetHints":{"allow":["GET"]}}],"collection":[{"href":"https:\/\/www.toque-musicall.com\/index.php?rest_route=\/wp\/v2\/posts"}],"about":[{"href":"https:\/\/www.toque-musicall.com\/index.php?rest_route=\/wp\/v2\/types\/post"}],"author":[{"embeddable":true,"href":"https:\/\/www.toque-musicall.com\/index.php?rest_route=\/wp\/v2\/users\/1"}],"replies":[{"embeddable":true,"href":"https:\/\/www.toque-musicall.com\/index.php?rest_route=%2Fwp%2Fv2%2Fcomments&post=10283"}],"version-history":[{"count":1,"href":"https:\/\/www.toque-musicall.com\/index.php?rest_route=\/wp\/v2\/posts\/10283\/revisions"}],"predecessor-version":[{"id":10284,"href":"https:\/\/www.toque-musicall.com\/index.php?rest_route=\/wp\/v2\/posts\/10283\/revisions\/10284"}],"wp:attachment":[{"href":"https:\/\/www.toque-musicall.com\/index.php?rest_route=%2Fwp%2Fv2%2Fmedia&parent=10283"}],"wp:term":[{"taxonomy":"category","embeddable":true,"href":"https:\/\/www.toque-musicall.com\/index.php?rest_route=%2Fwp%2Fv2%2Fcategories&post=10283"},{"taxonomy":"post_tag","embeddable":true,"href":"https:\/\/www.toque-musicall.com\/index.php?rest_route=%2Fwp%2Fv2%2Ftags&post=10283"}],"curies":[{"name":"wp","href":"https:\/\/api.w.org\/{rel}","templated":true}]}}