{"id":10286,"date":"2024-03-02T20:05:45","date_gmt":"2024-03-02T23:05:45","guid":{"rendered":"https:\/\/www.toque-musicall.com\/?p=10286"},"modified":"2024-03-03T20:07:40","modified_gmt":"2024-03-03T23:07:40","slug":"don-pacheco-e-sua-orquestra-bailando-com-don-pacheco-1959","status":"publish","type":"post","link":"https:\/\/www.toque-musicall.com\/?p=10286","title":{"rendered":"Don Pacheco E Sua Orquestra &#8211; Bailando Com Don Pacheco (1959)\u00a0"},"content":{"rendered":"\n<figure class=\"wp-block-image size-large\"><img decoding=\"async\" src=\"https:\/\/blogger.googleusercontent.com\/img\/b\/R29vZ2xl\/AVvXsEind8IjMqjAGcGoHznhBd5CLT6NJOU0YbJNGo-ZM22GjOWt9wG1EGSBnprKtcEOiuApqX86eYyZ8vVe2__lmoYCrl-XpriamtSXCncyI7pfTBTsWXJgyRGqULvd-bbkw4baXLbT3b3xCcNs5uqrIYrv1K1dwX6Ia36iBBNdBmQH-vTQOGVXXeitZbYN5izu\/w640-h626\/Capturar.JPG\" alt=\"\"\/><\/figure>\n\n\n\n<figure class=\"wp-block-image size-large\"><img decoding=\"async\" src=\"https:\/\/blogger.googleusercontent.com\/img\/b\/R29vZ2xl\/AVvXsEihIpdvhd70Xp_hJ_dZMl3rbU8td1NvORB-gjI7UFKpN_t21wPHU1hrdPGS6DeviiY4zGXDdhjxwpbDaVEXrV5bv-25c8NWHTgHLLNiPPcOiLHdKnAsaqRXT0tWNvsyp65y1Z9A8-nLVI1YPftKSGuzFXITwUF5ZnkKgIcSyJWmhl1uBJS8PK0oC2yG5AgT\/w640-h632\/Capturarb.JPG\" alt=\"\"\/><\/figure>\n\n\n<div class=\"separator\">Temos para hoje, Pachequinho e sua orquestra. Um maestro e bandleader bem comentado por aqui. Na \u00e9poca atuando pela Polydor com o pseud\u00f4nimo de Don Pacheco, lan\u00e7ou alguns discos. Este \u00e9 o primeiro, lan\u00e7ado em 1959, j\u00e1 na onda do HiFi, um falso est\u00e9reo trazendo um repert\u00f3rio misto, nacional e internacional, onde o pianista e sua orquestra passeiam por diferentes ritmos dan\u00e7antes da \u00e9poca&#8230;<\/div>\n<div class=\"separator\">\u00a0<\/div>\n<div class=\"separator\">\u00e9 na guassamba que eu vou, guyassamba<\/div>\n<div class=\"separator\">eu sei que vou te amar<\/div>\n<div class=\"separator\">eterna melodia<\/div>\n<div class=\"separator\">you&#8217;ll never know<\/div>\n<div class=\"separator\">no azul dos teus olhos azuis<\/div>\n<div class=\"separator\">a filha da lavadeira<\/div>\n<div class=\"separator\">porque e para que<\/div>\n<div class=\"separator\">madureira chorou<\/div>\n<div class=\"separator\">can\u00e7\u00e3o do amor<\/div>\n<div class=\"separator\">guimba<\/div>\n<div class=\"separator\">sing me a song of the island<\/div>\n<div class=\"separator\">mulher ingrata<\/div>\n<div class=\"separator\">\u00a0<\/div>\n<div class=\"separator\">\u00a0<\/div>","protected":false},"excerpt":{"rendered":"<p>Temos para hoje, Pachequinho e sua orquestra. Um maestro e bandleader bem comentado por aqui. Na \u00e9poca atuando pela Polydor com o pseud\u00f4nimo de Don Pacheco, lan\u00e7ou alguns discos. Este \u00e9 o primeiro, lan\u00e7ado em 1959, j\u00e1 na onda do &hellip; <a href=\"https:\/\/www.toque-musicall.com\/?p=10286\">Continue lendo <span class=\"meta-nav\">&rarr;<\/span><\/a><\/p>\n","protected":false},"author":1,"featured_media":0,"comment_status":"closed","ping_status":"closed","sticky":false,"template":"","format":"standard","meta":{"footnotes":""},"categories":[1],"tags":[],"class_list":["post-10286","post","type-post","status-publish","format-standard","hentry","category-sem-categoria"],"_links":{"self":[{"href":"https:\/\/www.toque-musicall.com\/index.php?rest_route=\/wp\/v2\/posts\/10286","targetHints":{"allow":["GET"]}}],"collection":[{"href":"https:\/\/www.toque-musicall.com\/index.php?rest_route=\/wp\/v2\/posts"}],"about":[{"href":"https:\/\/www.toque-musicall.com\/index.php?rest_route=\/wp\/v2\/types\/post"}],"author":[{"embeddable":true,"href":"https:\/\/www.toque-musicall.com\/index.php?rest_route=\/wp\/v2\/users\/1"}],"replies":[{"embeddable":true,"href":"https:\/\/www.toque-musicall.com\/index.php?rest_route=%2Fwp%2Fv2%2Fcomments&post=10286"}],"version-history":[{"count":1,"href":"https:\/\/www.toque-musicall.com\/index.php?rest_route=\/wp\/v2\/posts\/10286\/revisions"}],"predecessor-version":[{"id":10287,"href":"https:\/\/www.toque-musicall.com\/index.php?rest_route=\/wp\/v2\/posts\/10286\/revisions\/10287"}],"wp:attachment":[{"href":"https:\/\/www.toque-musicall.com\/index.php?rest_route=%2Fwp%2Fv2%2Fmedia&parent=10286"}],"wp:term":[{"taxonomy":"category","embeddable":true,"href":"https:\/\/www.toque-musicall.com\/index.php?rest_route=%2Fwp%2Fv2%2Fcategories&post=10286"},{"taxonomy":"post_tag","embeddable":true,"href":"https:\/\/www.toque-musicall.com\/index.php?rest_route=%2Fwp%2Fv2%2Ftags&post=10286"}],"curies":[{"name":"wp","href":"https:\/\/api.w.org\/{rel}","templated":true}]}}