{"id":1029,"date":"2009-11-08T15:13:00","date_gmt":"2009-11-08T15:13:00","guid":{"rendered":"http:\/\/www.toque-musicall.com\/?p=1029"},"modified":"2009-11-08T15:13:00","modified_gmt":"2009-11-08T15:13:00","slug":"ronnie-von-1969","status":"publish","type":"post","link":"https:\/\/www.toque-musicall.com\/?p=1029","title":{"rendered":"Ronnie Von (1969)"},"content":{"rendered":"<p><a href=\"http:\/\/3.bp.blogspot.com\/_DSKVEvHtskc\/Svb3rSndBII\/AAAAAAAAFm0\/0BqiCnGrCgg\/s1600-h\/RV+P.JPG\"><img decoding=\"async\" alt=\"\" border=\"0\" id=\"BLOGGER_PHOTO_ID_5401777126181241986\" src=\"http:\/\/3.bp.blogspot.com\/_DSKVEvHtskc\/Svb3rSndBII\/AAAAAAAAFm0\/0BqiCnGrCgg\/s400\/RV+P.JPG\" style=\"cursor: hand; cursor: pointer; display: block; height: 400px; margin: 0px auto 10px; text-align: center; width: 400px;\" \/><\/a>Ol\u00e1 amigos cultos e ocultos! Ontem tivemos mais uma Feira do Vinil. Ao contr\u00e1rio das outras, desta vez o p\u00fablico foi fraco, mas por incr\u00edvel que pare\u00e7a, foi \u00f3timo. Tornou-se um encontro de amigos, uma festa que n\u00e3o se limitou apenas \u00e0s vendas. Aqueles que l\u00e1 estiveram passaram a tarde num ambiente descontraido, um s\u00e1bado cheio de sol, cerveja, discos e muita m\u00fasica. Tivemos inclusive a presen\u00e7a do nosso amigo Chris Rousseau dando uma canja para o presentes. Ganhamos pouco, mas foi muito divertido. S\u00e1bado que vem tem outra feira, desta vez l\u00e1 no Edificio Malleta. Quem estiver em BH, n\u00e3o deve perder.<\/p>\n<div>Hoje, domingo, acordei com este disco do Ronnie Von na cabe\u00e7a. Me lembrei daquela m\u00fasica &#8220;Silvia 20 horas domingo&#8221;. Achei que tem tudo a ver. Al\u00e9m do mais, como estamos ainda ecoando o rock, &#8220;Ronnie Von 69&#8242; vem bem a calhar. Ta\u00ed um disco dos mais interessantes desse artista, numa fase boa, jovem e tropicalista. Este disco \u00e9 produzido por Damiano Cozzella, parceiro de Rog\u00e9rio Duprat e um dos mais importantes nomes da vanguarda musical e po\u00e9tica daqueles anos. Metade do disco trazem m\u00fasicas de Arnaldo Saccomani, aquele jurado &#8216;linha dura&#8217; do programa de calouros &#8220;\u00cddolos&#8221;. \u00c9 sem d\u00favida um trabalho acima da m\u00e9dia do que viria o nosso pr\u00edncipe da Jovem Guarda a fazer posteriormente. \u00c9 isso a\u00ed, nada como estar bem acompanhado. Pena que o Ronnie, numa certa altura, soltou da m\u00e3o que o levava para seguir sozinho pela estrada. Fazer o qu\u00ea&#8230;?<\/div>\n<div><\/div>\n<div style=\"text-align: center;\">meu novo canto<\/div>\n<div style=\"text-align: center;\">chega de tudo<\/div>\n<div style=\"text-align: center;\">espelhos quebrados<\/div>\n<div style=\"text-align: center;\">menina de tran\u00e7a<\/div>\n<div style=\"text-align: center;\">silvia 20 horas domingo<\/div>\n<div style=\"text-align: center;\">nada de novo<\/div>\n<div style=\"text-align: center;\">l\u00e1bios que beijei<\/div>\n<div style=\"text-align: center;\">esperan\u00e7a de cantar<\/div>\n<div style=\"text-align: center;\">anarquia<\/div>\n<div style=\"text-align: center;\">mil novecentos e al\u00e9m<\/div>\n<div style=\"text-align: center;\">tristeza num dia alegre<\/div>\n<div style=\"text-align: center;\">contudo todavia<\/div>\n<div style=\"text-align: center;\">canto de despedida<\/div>\n<div style=\"text-align: center;\"><\/div>\n<div style=\"text-align: center;\"><\/div>\n","protected":false},"excerpt":{"rendered":"<p>Ol\u00e1 amigos cultos e ocultos! Ontem tivemos mais uma Feira do Vinil. Ao contr\u00e1rio das outras, desta vez o p\u00fablico foi fraco, mas por incr\u00edvel que pare\u00e7a, foi \u00f3timo. Tornou-se um encontro de amigos, uma festa que n\u00e3o se limitou &hellip; <a href=\"https:\/\/www.toque-musicall.com\/?p=1029\">Continue lendo <span class=\"meta-nav\">&rarr;<\/span><\/a><\/p>\n","protected":false},"author":1,"featured_media":0,"comment_status":"open","ping_status":"closed","sticky":false,"template":"","format":"standard","meta":{"footnotes":""},"categories":[519,146],"tags":[],"class_list":["post-1029","post","type-post","status-publish","format-standard","hentry","category-ronnie-von","category-selo-polydor"],"_links":{"self":[{"href":"https:\/\/www.toque-musicall.com\/index.php?rest_route=\/wp\/v2\/posts\/1029","targetHints":{"allow":["GET"]}}],"collection":[{"href":"https:\/\/www.toque-musicall.com\/index.php?rest_route=\/wp\/v2\/posts"}],"about":[{"href":"https:\/\/www.toque-musicall.com\/index.php?rest_route=\/wp\/v2\/types\/post"}],"author":[{"embeddable":true,"href":"https:\/\/www.toque-musicall.com\/index.php?rest_route=\/wp\/v2\/users\/1"}],"replies":[{"embeddable":true,"href":"https:\/\/www.toque-musicall.com\/index.php?rest_route=%2Fwp%2Fv2%2Fcomments&post=1029"}],"version-history":[{"count":0,"href":"https:\/\/www.toque-musicall.com\/index.php?rest_route=\/wp\/v2\/posts\/1029\/revisions"}],"wp:attachment":[{"href":"https:\/\/www.toque-musicall.com\/index.php?rest_route=%2Fwp%2Fv2%2Fmedia&parent=1029"}],"wp:term":[{"taxonomy":"category","embeddable":true,"href":"https:\/\/www.toque-musicall.com\/index.php?rest_route=%2Fwp%2Fv2%2Fcategories&post=1029"},{"taxonomy":"post_tag","embeddable":true,"href":"https:\/\/www.toque-musicall.com\/index.php?rest_route=%2Fwp%2Fv2%2Ftags&post=1029"}],"curies":[{"name":"wp","href":"https:\/\/api.w.org\/{rel}","templated":true}]}}