{"id":10291,"date":"2024-03-04T09:35:08","date_gmt":"2024-03-04T12:35:08","guid":{"rendered":"https:\/\/www.toque-musicall.com\/?p=10291"},"modified":"2024-03-06T09:37:31","modified_gmt":"2024-03-06T12:37:31","slug":"papete-voz-dos-arvoredos-1992","status":"publish","type":"post","link":"https:\/\/www.toque-musicall.com\/?p=10291","title":{"rendered":"Papete &#8211; Voz Dos Arvoredos (1992)"},"content":{"rendered":"\n<figure class=\"wp-block-image size-large\"><img decoding=\"async\" src=\"https:\/\/blogger.googleusercontent.com\/img\/b\/R29vZ2xl\/AVvXsEihcLqAQQbIva-l8OEpfrOGPZX-3kpv2W6QrlQM0V3odox8AR4L6Ofoka_hzEbzG6Aqf5-2kFf40OX2nn9RmYu6UbM1eUEYeIinpD_4EzWMlqATcD-EXMGi1fjzjYPrGsh-XwG5VxDpm2vKgcandqh5IPqLlWqfncDQCXienwXKdM_55OGmhzLOjhcZ_0A1\/w636-h640\/Capturar.JPG\" alt=\"\"\/><\/figure>\n\n\n\n<figure class=\"wp-block-image size-large\"><img decoding=\"async\" src=\"https:\/\/blogger.googleusercontent.com\/img\/b\/R29vZ2xl\/AVvXsEgbvRJdbyMJP-QFqlLz0LGdzQ_euKOh_3SRS-XlBq-Edm1G0qT5PLCsGKM1sbUnhsyFTzZ5d37quX7nffOAtOLpPoscn_5kXN75bHEHStW3MLi2GiOiSW-ygDbsbm1eD37CFIZTbS2aEDnNNSD0qzsRJlDjWGEfYOfbcfpKTeiECUOyq9FZf2R-0spgstZK\/w636-h640\/Capturarb.JPG\" alt=\"\"\/><\/figure>\n\n\n<div class=\"separator\">Depois de uns tr\u00eas ou quatro discos de Papete, que tal mais um? \ud83d\ude42 Ta\u00ed, um artista que gostamos muito e sempre que poss\u00edvel, d\u00e1 por aqui seu toque musical. Aqui temos dele uma produ\u00e7\u00e3o independente que acabou sendo incorporada ao selo Discos Marcus Pereira, que nessa altura estava nas m\u00e3os da distribuidora ABW, que chegou a relan\u00e7ar em cd v\u00e1rios discos desse lend\u00e1rio selo nacional.<\/div>\n<div class=\"separator\">Papete foi um artista maranhense que muito se destacou no cen\u00e1rio da m\u00fasica popular regional. Gravou uns 17 discos, al\u00e9m de colet\u00e2neas que sa\u00edram ao longo desse tempo. Infelizmente, perdemos ele em 2016, aos 68 anos, v\u00edtima de um tumor na pr\u00f3stata.<\/div>\n<div class=\"separator\">&#8220;Voz dos arvoredos&#8221; foi seu oitavo disco, gravado em 1992, nos antigos est\u00fadios da Copacabana, de forma independente. Um trabalho com nove faixas, carregado de um regionalismo fiel.<\/div>\n<div class=\"separator\">\u00a0<\/div>\n<div class=\"separator\">voz dos arvoredos<\/div>\n<div class=\"separator\">pequena danada<\/div>\n<div class=\"separator\">s\u00f3 de brincadeira<\/div>\n<div class=\"separator\">quintal de crioula &#8211; tocanco boieiro &#8211; carro vai virar<\/div>\n<div class=\"separator\">jadna<\/div>\n<div class=\"separator\">filhos da precis\u00e3o<\/div>\n<div class=\"separator\">balan\u00e7o das \u00e1guas<\/div>\n<div class=\"separator\">lua diamante<\/div>\n<div class=\"separator\">maraca curumim<\/div>\n<div class=\"separator\">\u00a0<\/div>","protected":false},"excerpt":{"rendered":"<p>Depois de uns tr\u00eas ou quatro discos de Papete, que tal mais um? \ud83d\ude42 Ta\u00ed, um artista que gostamos muito e sempre que poss\u00edvel, d\u00e1 por aqui seu toque musical. Aqui temos dele uma produ\u00e7\u00e3o independente que acabou sendo incorporada &hellip; <a href=\"https:\/\/www.toque-musicall.com\/?p=10291\">Continue lendo <span class=\"meta-nav\">&rarr;<\/span><\/a><\/p>\n","protected":false},"author":1,"featured_media":0,"comment_status":"closed","ping_status":"closed","sticky":false,"template":"","format":"standard","meta":{"footnotes":""},"categories":[1],"tags":[3382,3794],"class_list":["post-10291","post","type-post","status-publish","format-standard","hentry","category-sem-categoria","tag-papete","tag-selo-marcus-pereira"],"_links":{"self":[{"href":"https:\/\/www.toque-musicall.com\/index.php?rest_route=\/wp\/v2\/posts\/10291","targetHints":{"allow":["GET"]}}],"collection":[{"href":"https:\/\/www.toque-musicall.com\/index.php?rest_route=\/wp\/v2\/posts"}],"about":[{"href":"https:\/\/www.toque-musicall.com\/index.php?rest_route=\/wp\/v2\/types\/post"}],"author":[{"embeddable":true,"href":"https:\/\/www.toque-musicall.com\/index.php?rest_route=\/wp\/v2\/users\/1"}],"replies":[{"embeddable":true,"href":"https:\/\/www.toque-musicall.com\/index.php?rest_route=%2Fwp%2Fv2%2Fcomments&post=10291"}],"version-history":[{"count":1,"href":"https:\/\/www.toque-musicall.com\/index.php?rest_route=\/wp\/v2\/posts\/10291\/revisions"}],"predecessor-version":[{"id":10292,"href":"https:\/\/www.toque-musicall.com\/index.php?rest_route=\/wp\/v2\/posts\/10291\/revisions\/10292"}],"wp:attachment":[{"href":"https:\/\/www.toque-musicall.com\/index.php?rest_route=%2Fwp%2Fv2%2Fmedia&parent=10291"}],"wp:term":[{"taxonomy":"category","embeddable":true,"href":"https:\/\/www.toque-musicall.com\/index.php?rest_route=%2Fwp%2Fv2%2Fcategories&post=10291"},{"taxonomy":"post_tag","embeddable":true,"href":"https:\/\/www.toque-musicall.com\/index.php?rest_route=%2Fwp%2Fv2%2Ftags&post=10291"}],"curies":[{"name":"wp","href":"https:\/\/api.w.org\/{rel}","templated":true}]}}